{"id":189,"date":"2020-12-26T23:17:01","date_gmt":"2020-12-26T23:17:01","guid":{"rendered":"https:\/\/adrenalina.space\/?p=189"},"modified":"2021-01-09T19:06:01","modified_gmt":"2021-01-09T19:06:01","slug":"la-leyenda-eddie-van-halen-guitarrista-y-co-fundador-de-van-halen-fallecio-a-los-65-anos","status":"publish","type":"post","link":"https:\/\/adrenalina.space\/index.php\/2020\/12\/26\/la-leyenda-eddie-van-halen-guitarrista-y-co-fundador-de-van-halen-fallecio-a-los-65-anos\/","title":{"rendered":"La leyenda Eddie Van Halen, guitarrista y co fundador de Van Halen falleci\u00f3 a los 65 a\u00f1os."},"content":{"rendered":"\n<p><strong>Eddie Van Halen<\/strong>, guitarrista y co fundador de <strong>Van Halen<\/strong> falleci\u00f3 a los <strong>65<\/strong> a\u00f1os, tras perder una larga batalla contra el c\u00e1ncer.<\/p>\n\n\n\n<p><strong>Eddie Van Halen<\/strong> era un artista en toda la extensi\u00f3n de la palabra, su aparici\u00f3n marco un antes y un despu\u00e9s en la <strong>historia del Rock<\/strong>. &nbsp;Con su intrincada t\u00e9cnica de guitarra revoluciono el mundo del <strong>Heavy Metal,<\/strong> se volvi\u00f3 un referente obligado para todos los mel\u00f3manos y todo aquel que quiera incursionar en el mundo de la guitarra.<\/p>\n\n\n\n<figure class=\"wp-block-embed-youtube wp-block-embed is-type-video is-provider-youtube wp-embed-aspect-4-3 wp-has-aspect-ratio\"><div class=\"wp-block-embed__wrapper\">\n<iframe loading=\"lazy\" title=\"Van Halen - Jump (Official Music Video)\" width=\"711\" height=\"533\" src=\"https:\/\/www.youtube.com\/embed\/SwYN7mTi6HM?feature=oembed\" frameborder=\"0\" allow=\"accelerometer; autoplay; clipboard-write; encrypted-media; gyroscope; picture-in-picture\" allowfullscreen><\/iframe>\n<\/div><\/figure>\n\n\n\n<p><\/p>\n\n\n\n<p>Su incursi\u00f3n en la m\u00fasica fue un parte aguas para todos aquellos cr\u00edticos que cre\u00edan que el guitarrista m\u00e1s evolucionado y virtuoso era <strong>Erick Clapton <\/strong>o anteriormente <strong>Jimi Hendrix<\/strong>. Para los que pensaban que no hab\u00eda m\u00e1s por explorar en el universo de la <strong>guitarra el\u00e9ctrica<\/strong>, lleg\u00f3 un genio que se volvi\u00f3 el m\u00e1ximo referente de los grandes guitarristas de todos los tiempos.<\/p>\n\n\n\n<p>No existe alguien m\u00e1s Grande que el.<\/p>\n\n\n\n<p>Descanse en paz <strong>Eddie Van Halen<\/strong>.<\/p>\n","protected":false},"excerpt":{"rendered":"<p>Eddie Van Halen, guitarrista y co fundador de Van Halen falleci\u00f3 a los 65 a\u00f1os, tras perder una larga batalla contra el c\u00e1ncer. Eddie Van Halen era&#8230;<\/p>\n","protected":false},"author":4,"featured_media":190,"comment_status":"open","ping_status":"open","sticky":false,"template":"","format":"standard","meta":[],"categories":[5],"tags":[],"yoast_head":"<!-- This site is optimized with the Yoast SEO plugin v21.8.1 - https:\/\/yoast.com\/wordpress\/plugins\/seo\/ -->\n<title>La leyenda Eddie Van Halen, guitarrista y co fundador de Van Halen falleci\u00f3 a los 65 a\u00f1os. : adrenalina<\/title>\n<meta name=\"robots\" content=\"index, follow, max-snippet:-1, max-image-preview:large, max-video-preview:-1\" \/>\n<link rel=\"canonical\" href=\"https:\/\/adrenalina.space\/index.php\/2020\/12\/26\/la-leyenda-eddie-van-halen-guitarrista-y-co-fundador-de-van-halen-fallecio-a-los-65-anos\/\" \/>\n<meta property=\"og:locale\" content=\"es_ES\" \/>\n<meta property=\"og:type\" content=\"article\" \/>\n<meta property=\"og:title\" content=\"La leyenda Eddie Van Halen, guitarrista y co fundador de Van Halen falleci\u00f3 a los 65 a\u00f1os. : adrenalina\" \/>\n<meta property=\"og:description\" content=\"Eddie Van Halen, guitarrista y co fundador de Van Halen falleci\u00f3 a los 65 a\u00f1os, tras perder una larga batalla contra el c\u00e1ncer. Eddie Van Halen era...\" \/>\n<meta property=\"og:url\" content=\"https:\/\/adrenalina.space\/index.php\/2020\/12\/26\/la-leyenda-eddie-van-halen-guitarrista-y-co-fundador-de-van-halen-fallecio-a-los-65-anos\/\" \/>\n<meta property=\"og:site_name\" content=\"adrenalina\" \/>\n<meta property=\"article:publisher\" content=\"https:\/\/www.facebook.com\/Adrenalina-104069461705819\" \/>\n<meta property=\"article:published_time\" content=\"2020-12-26T23:17:01+00:00\" \/>\n<meta property=\"article:modified_time\" content=\"2021-01-09T19:06:01+00:00\" \/>\n<meta property=\"og:image\" content=\"https:\/\/adrenalina.space\/wp-content\/uploads\/2020\/12\/eddie-van-halen.jpg\" \/>\n\t<meta property=\"og:image:width\" content=\"1200\" \/>\n\t<meta property=\"og:image:height\" content=\"900\" \/>\n\t<meta property=\"og:image:type\" content=\"image\/jpeg\" \/>\n<meta name=\"author\" content=\"Un toque de rock\" \/>\n<meta name=\"twitter:card\" content=\"summary_large_image\" \/>\n<meta name=\"twitter:label1\" content=\"Escrito por\" \/>\n\t<meta name=\"twitter:data1\" content=\"Un toque de rock\" \/>\n\t<meta name=\"twitter:label2\" content=\"Tiempo de lectura\" \/>\n\t<meta name=\"twitter:data2\" content=\"1 minuto\" \/>\n<script type=\"application\/ld+json\" class=\"yoast-schema-graph\">{\"@context\":\"https:\/\/schema.org\",\"@graph\":[{\"@type\":\"Article\",\"@id\":\"https:\/\/adrenalina.space\/index.php\/2020\/12\/26\/la-leyenda-eddie-van-halen-guitarrista-y-co-fundador-de-van-halen-fallecio-a-los-65-anos\/#article\",\"isPartOf\":{\"@id\":\"https:\/\/adrenalina.space\/index.php\/2020\/12\/26\/la-leyenda-eddie-van-halen-guitarrista-y-co-fundador-de-van-halen-fallecio-a-los-65-anos\/\"},\"author\":{\"name\":\"Un toque de rock\",\"@id\":\"https:\/\/adrenalina.space\/#\/schema\/person\/255c5bbd22b01fa9c2cad2e861b0695d\"},\"headline\":\"La leyenda Eddie Van Halen, guitarrista y co fundador de Van Halen falleci\u00f3 a los 65 a\u00f1os.\",\"datePublished\":\"2020-12-26T23:17:01+00:00\",\"dateModified\":\"2021-01-09T19:06:01+00:00\",\"mainEntityOfPage\":{\"@id\":\"https:\/\/adrenalina.space\/index.php\/2020\/12\/26\/la-leyenda-eddie-van-halen-guitarrista-y-co-fundador-de-van-halen-fallecio-a-los-65-anos\/\"},\"wordCount\":201,\"commentCount\":0,\"publisher\":{\"@id\":\"https:\/\/adrenalina.space\/#organization\"},\"articleSection\":[\"M\u00fasica\"],\"inLanguage\":\"es\",\"potentialAction\":[{\"@type\":\"CommentAction\",\"name\":\"Comment\",\"target\":[\"https:\/\/adrenalina.space\/index.php\/2020\/12\/26\/la-leyenda-eddie-van-halen-guitarrista-y-co-fundador-de-van-halen-fallecio-a-los-65-anos\/#respond\"]}]},{\"@type\":\"WebPage\",\"@id\":\"https:\/\/adrenalina.space\/index.php\/2020\/12\/26\/la-leyenda-eddie-van-halen-guitarrista-y-co-fundador-de-van-halen-fallecio-a-los-65-anos\/\",\"url\":\"https:\/\/adrenalina.space\/index.php\/2020\/12\/26\/la-leyenda-eddie-van-halen-guitarrista-y-co-fundador-de-van-halen-fallecio-a-los-65-anos\/\",\"name\":\"La leyenda Eddie Van Halen, guitarrista y co fundador de Van Halen falleci\u00f3 a los 65 a\u00f1os. : adrenalina\",\"isPartOf\":{\"@id\":\"https:\/\/adrenalina.space\/#website\"},\"datePublished\":\"2020-12-26T23:17:01+00:00\",\"dateModified\":\"2021-01-09T19:06:01+00:00\",\"breadcrumb\":{\"@id\":\"https:\/\/adrenalina.space\/index.php\/2020\/12\/26\/la-leyenda-eddie-van-halen-guitarrista-y-co-fundador-de-van-halen-fallecio-a-los-65-anos\/#breadcrumb\"},\"inLanguage\":\"es\",\"potentialAction\":[{\"@type\":\"ReadAction\",\"target\":[\"https:\/\/adrenalina.space\/index.php\/2020\/12\/26\/la-leyenda-eddie-van-halen-guitarrista-y-co-fundador-de-van-halen-fallecio-a-los-65-anos\/\"]}]},{\"@type\":\"BreadcrumbList\",\"@id\":\"https:\/\/adrenalina.space\/index.php\/2020\/12\/26\/la-leyenda-eddie-van-halen-guitarrista-y-co-fundador-de-van-halen-fallecio-a-los-65-anos\/#breadcrumb\",\"itemListElement\":[{\"@type\":\"ListItem\",\"position\":1,\"name\":\"Portada\",\"item\":\"https:\/\/adrenalina.space\/\"},{\"@type\":\"ListItem\",\"position\":2,\"name\":\"La leyenda Eddie Van Halen, guitarrista y co fundador de Van Halen falleci\u00f3 a los 65 a\u00f1os.\"}]},{\"@type\":\"WebSite\",\"@id\":\"https:\/\/adrenalina.space\/#website\",\"url\":\"https:\/\/adrenalina.space\/\",\"name\":\"adrenalina\",\"description\":\"Mentes ecl\u00e9cticas, gustos dispersos.\",\"publisher\":{\"@id\":\"https:\/\/adrenalina.space\/#organization\"},\"potentialAction\":[{\"@type\":\"SearchAction\",\"target\":{\"@type\":\"EntryPoint\",\"urlTemplate\":\"https:\/\/adrenalina.space\/?s={search_term_string}\"},\"query-input\":\"required name=search_term_string\"}],\"inLanguage\":\"es\"},{\"@type\":\"Organization\",\"@id\":\"https:\/\/adrenalina.space\/#organization\",\"name\":\"Adrenalina Space\",\"url\":\"https:\/\/adrenalina.space\/\",\"logo\":{\"@type\":\"ImageObject\",\"inLanguage\":\"es\",\"@id\":\"https:\/\/adrenalina.space\/#\/schema\/logo\/image\/\",\"url\":\"https:\/\/adrenalina.space\/wp-content\/uploads\/2021\/03\/Asset-1.png\",\"contentUrl\":\"https:\/\/adrenalina.space\/wp-content\/uploads\/2021\/03\/Asset-1.png\",\"width\":403,\"height\":65,\"caption\":\"Adrenalina Space\"},\"image\":{\"@id\":\"https:\/\/adrenalina.space\/#\/schema\/logo\/image\/\"},\"sameAs\":[\"https:\/\/www.facebook.com\/Adrenalina-104069461705819\"]},{\"@type\":\"Person\",\"@id\":\"https:\/\/adrenalina.space\/#\/schema\/person\/255c5bbd22b01fa9c2cad2e861b0695d\",\"name\":\"Un toque de rock\",\"image\":{\"@type\":\"ImageObject\",\"inLanguage\":\"es\",\"@id\":\"https:\/\/adrenalina.space\/#\/schema\/person\/image\/\",\"url\":\"https:\/\/adrenalina.space\/wp-content\/uploads\/2021\/07\/61203977_10161929878565644_2049925308412329984_n-126x126.jpg\",\"contentUrl\":\"https:\/\/adrenalina.space\/wp-content\/uploads\/2021\/07\/61203977_10161929878565644_2049925308412329984_n-126x126.jpg\",\"caption\":\"Un toque de rock\"},\"url\":\"https:\/\/adrenalina.space\/index.php\/author\/un-toque-de-rock\/\"}]}<\/script>\n<!-- \/ Yoast SEO plugin. -->","yoast_head_json":{"title":"La leyenda Eddie Van Halen, guitarrista y co fundador de Van Halen falleci\u00f3 a los 65 a\u00f1os. : adrenalina","robots":{"index":"index","follow":"follow","max-snippet":"max-snippet:-1","max-image-preview":"max-image-preview:large","max-video-preview":"max-video-preview:-1"},"canonical":"https:\/\/adrenalina.space\/index.php\/2020\/12\/26\/la-leyenda-eddie-van-halen-guitarrista-y-co-fundador-de-van-halen-fallecio-a-los-65-anos\/","og_locale":"es_ES","og_type":"article","og_title":"La leyenda Eddie Van Halen, guitarrista y co fundador de Van Halen falleci\u00f3 a los 65 a\u00f1os. : adrenalina","og_description":"Eddie Van Halen, guitarrista y co fundador de Van Halen falleci\u00f3 a los 65 a\u00f1os, tras perder una larga batalla contra el c\u00e1ncer. Eddie Van Halen era...","og_url":"https:\/\/adrenalina.space\/index.php\/2020\/12\/26\/la-leyenda-eddie-van-halen-guitarrista-y-co-fundador-de-van-halen-fallecio-a-los-65-anos\/","og_site_name":"adrenalina","article_publisher":"https:\/\/www.facebook.com\/Adrenalina-104069461705819","article_published_time":"2020-12-26T23:17:01+00:00","article_modified_time":"2021-01-09T19:06:01+00:00","og_image":[{"width":1200,"height":900,"url":"https:\/\/adrenalina.space\/wp-content\/uploads\/2020\/12\/eddie-van-halen.jpg","type":"image\/jpeg"}],"author":"Un toque de rock","twitter_card":"summary_large_image","twitter_misc":{"Escrito por":"Un toque de rock","Tiempo de lectura":"1 minuto"},"schema":{"@context":"https:\/\/schema.org","@graph":[{"@type":"Article","@id":"https:\/\/adrenalina.space\/index.php\/2020\/12\/26\/la-leyenda-eddie-van-halen-guitarrista-y-co-fundador-de-van-halen-fallecio-a-los-65-anos\/#article","isPartOf":{"@id":"https:\/\/adrenalina.space\/index.php\/2020\/12\/26\/la-leyenda-eddie-van-halen-guitarrista-y-co-fundador-de-van-halen-fallecio-a-los-65-anos\/"},"author":{"name":"Un toque de rock","@id":"https:\/\/adrenalina.space\/#\/schema\/person\/255c5bbd22b01fa9c2cad2e861b0695d"},"headline":"La leyenda Eddie Van Halen, guitarrista y co fundador de Van Halen falleci\u00f3 a los 65 a\u00f1os.","datePublished":"2020-12-26T23:17:01+00:00","dateModified":"2021-01-09T19:06:01+00:00","mainEntityOfPage":{"@id":"https:\/\/adrenalina.space\/index.php\/2020\/12\/26\/la-leyenda-eddie-van-halen-guitarrista-y-co-fundador-de-van-halen-fallecio-a-los-65-anos\/"},"wordCount":201,"commentCount":0,"publisher":{"@id":"https:\/\/adrenalina.space\/#organization"},"articleSection":["M\u00fasica"],"inLanguage":"es","potentialAction":[{"@type":"CommentAction","name":"Comment","target":["https:\/\/adrenalina.space\/index.php\/2020\/12\/26\/la-leyenda-eddie-van-halen-guitarrista-y-co-fundador-de-van-halen-fallecio-a-los-65-anos\/#respond"]}]},{"@type":"WebPage","@id":"https:\/\/adrenalina.space\/index.php\/2020\/12\/26\/la-leyenda-eddie-van-halen-guitarrista-y-co-fundador-de-van-halen-fallecio-a-los-65-anos\/","url":"https:\/\/adrenalina.space\/index.php\/2020\/12\/26\/la-leyenda-eddie-van-halen-guitarrista-y-co-fundador-de-van-halen-fallecio-a-los-65-anos\/","name":"La leyenda Eddie Van Halen, guitarrista y co fundador de Van Halen falleci\u00f3 a los 65 a\u00f1os. : adrenalina","isPartOf":{"@id":"https:\/\/adrenalina.space\/#website"},"datePublished":"2020-12-26T23:17:01+00:00","dateModified":"2021-01-09T19:06:01+00:00","breadcrumb":{"@id":"https:\/\/adrenalina.space\/index.php\/2020\/12\/26\/la-leyenda-eddie-van-halen-guitarrista-y-co-fundador-de-van-halen-fallecio-a-los-65-anos\/#breadcrumb"},"inLanguage":"es","potentialAction":[{"@type":"ReadAction","target":["https:\/\/adrenalina.space\/index.php\/2020\/12\/26\/la-leyenda-eddie-van-halen-guitarrista-y-co-fundador-de-van-halen-fallecio-a-los-65-anos\/"]}]},{"@type":"BreadcrumbList","@id":"https:\/\/adrenalina.space\/index.php\/2020\/12\/26\/la-leyenda-eddie-van-halen-guitarrista-y-co-fundador-de-van-halen-fallecio-a-los-65-anos\/#breadcrumb","itemListElement":[{"@type":"ListItem","position":1,"name":"Portada","item":"https:\/\/adrenalina.space\/"},{"@type":"ListItem","position":2,"name":"La leyenda Eddie Van Halen, guitarrista y co fundador de Van Halen falleci\u00f3 a los 65 a\u00f1os."}]},{"@type":"WebSite","@id":"https:\/\/adrenalina.space\/#website","url":"https:\/\/adrenalina.space\/","name":"adrenalina","description":"Mentes ecl\u00e9cticas, gustos dispersos.","publisher":{"@id":"https:\/\/adrenalina.space\/#organization"},"potentialAction":[{"@type":"SearchAction","target":{"@type":"EntryPoint","urlTemplate":"https:\/\/adrenalina.space\/?s={search_term_string}"},"query-input":"required name=search_term_string"}],"inLanguage":"es"},{"@type":"Organization","@id":"https:\/\/adrenalina.space\/#organization","name":"Adrenalina Space","url":"https:\/\/adrenalina.space\/","logo":{"@type":"ImageObject","inLanguage":"es","@id":"https:\/\/adrenalina.space\/#\/schema\/logo\/image\/","url":"https:\/\/adrenalina.space\/wp-content\/uploads\/2021\/03\/Asset-1.png","contentUrl":"https:\/\/adrenalina.space\/wp-content\/uploads\/2021\/03\/Asset-1.png","width":403,"height":65,"caption":"Adrenalina Space"},"image":{"@id":"https:\/\/adrenalina.space\/#\/schema\/logo\/image\/"},"sameAs":["https:\/\/www.facebook.com\/Adrenalina-104069461705819"]},{"@type":"Person","@id":"https:\/\/adrenalina.space\/#\/schema\/person\/255c5bbd22b01fa9c2cad2e861b0695d","name":"Un toque de rock","image":{"@type":"ImageObject","inLanguage":"es","@id":"https:\/\/adrenalina.space\/#\/schema\/person\/image\/","url":"https:\/\/adrenalina.space\/wp-content\/uploads\/2021\/07\/61203977_10161929878565644_2049925308412329984_n-126x126.jpg","contentUrl":"https:\/\/adrenalina.space\/wp-content\/uploads\/2021\/07\/61203977_10161929878565644_2049925308412329984_n-126x126.jpg","caption":"Un toque de rock"},"url":"https:\/\/adrenalina.space\/index.php\/author\/un-toque-de-rock\/"}]}},"_links":{"self":[{"href":"https:\/\/adrenalina.space\/index.php\/wp-json\/wp\/v2\/posts\/189"}],"collection":[{"href":"https:\/\/adrenalina.space\/index.php\/wp-json\/wp\/v2\/posts"}],"about":[{"href":"https:\/\/adrenalina.space\/index.php\/wp-json\/wp\/v2\/types\/post"}],"author":[{"embeddable":true,"href":"https:\/\/adrenalina.space\/index.php\/wp-json\/wp\/v2\/users\/4"}],"replies":[{"embeddable":true,"href":"https:\/\/adrenalina.space\/index.php\/wp-json\/wp\/v2\/comments?post=189"}],"version-history":[{"count":8,"href":"https:\/\/adrenalina.space\/index.php\/wp-json\/wp\/v2\/posts\/189\/revisions"}],"predecessor-version":[{"id":380,"href":"https:\/\/adrenalina.space\/index.php\/wp-json\/wp\/v2\/posts\/189\/revisions\/380"}],"wp:featuredmedia":[{"embeddable":true,"href":"https:\/\/adrenalina.space\/index.php\/wp-json\/wp\/v2\/media\/190"}],"wp:attachment":[{"href":"https:\/\/adrenalina.space\/index.php\/wp-json\/wp\/v2\/media?parent=189"}],"wp:term":[{"taxonomy":"category","embeddable":true,"href":"https:\/\/adrenalina.space\/index.php\/wp-json\/wp\/v2\/categories?post=189"},{"taxonomy":"post_tag","embeddable":true,"href":"https:\/\/adrenalina.space\/index.php\/wp-json\/wp\/v2\/tags?post=189"}],"curies":[{"name":"wp","href":"https:\/\/api.w.org\/{rel}","templated":true}]}}