{"id":2652,"date":"2021-10-08T22:08:45","date_gmt":"2021-10-08T22:08:45","guid":{"rendered":"https:\/\/adrenalina.space\/?p=2652"},"modified":"2021-10-08T22:08:45","modified_gmt":"2021-10-08T22:08:45","slug":"la-vida-de-adele-donde-termina-el-arte-y-empieza-el-morbo","status":"publish","type":"post","link":"https:\/\/adrenalina.space\/index.php\/2021\/10\/08\/la-vida-de-adele-donde-termina-el-arte-y-empieza-el-morbo\/","title":{"rendered":"La vida de Adele: \u00bfD\u00f3nde termina el arte y empieza el morbo?"},"content":{"rendered":"\n<p>Hoy vamos a recordar una de las pel\u00edculas m\u00e1s controversiales de la pasada d\u00e9cada, \u00abLa vida de Ad\u00e8le\u00bb. Esta pel\u00edcula francesa le di\u00f3 la Palma de oro en Cannes de 2014 a su director Abdellatif Kechiche y a sus dos actrices protagonistas (por primera vez en la historia).<\/p>\n\n\n\n<p>La pel\u00edcula est\u00e1 basada en una novela gr\u00e1fica de la autor\u00eda de Jul Maroh. Una de las cartas fuertes de esta pel\u00edcula era la participaci\u00f3n de L\u00e9a Seydoux en uno de los papeles principales. La actriz francesa ya contaba con una buena trayectoria en su pa\u00eds natal. Incluso ya hab\u00eda participado en varias cintas hollywoodenses con papeles peque\u00f1os pero significativos. Como en Bastardos sin Gloria de Trantino (2009), Robin Hood de Riddley Scott (2010), Media Noche en Paris de Woody Allen (2011) y Misi\u00f3n Imposible: Protocolo Fantasma (2011). Todas participaciones breves pero en producciones de alto calibre.<\/p>\n\n\n\n<p>Su director nacido en Tunez y radicado en Francia desde su ni\u00f1ez, contaba con proyectos galardonados en el pa\u00eds galo; adem\u00e1s de haber incursionado en sus inicios en la actuaci\u00f3n.<\/p>\n\n\n\n<h2 class=\"wp-block-heading\">La trama<\/h2>\n\n\n\n<p>Ad\u00e8le (Ad\u00e8le Exarchopoulos) es una chica de preparatoria de clase media en Paris, con una vida relativamente normal. Un d\u00eda conoce a un compa\u00f1ero de escuela con el que empieza a salir, pero algo parece no estar del todo bien, algo falta. El mismo d\u00eda de su primera cita con el chico ella pasa caminando junto a una pareja lesbiana y una chica de cabello azul (Emma &#8211; L\u00e9a Seydoux) crea un profundo impacto en los pensamientos y sentimientos de Adele.<\/p>\n\n\n\n<p>El destino las volver\u00e1 cruzar de nuevo, y Emma ser\u00e1 el catalizador que ayude a Ad\u00e8le a descubrir su verdadera identidad no solo sexual, si no como persona dentro de una sociedad a\u00fan conservadora. Y a explorar a trav\u00e9s de los a\u00f1os una relaci\u00f3n compleja, no solo por cuesti\u00f3n de g\u00e9nero si no por la complejidad misma del ser humano y las relaciones de pareja.<\/p>\n\n\n\n<h2 class=\"wp-block-heading\">La pol\u00e9mica<\/h2>\n\n\n\n<p>Hay bastantes pel\u00edculas en el cine contempor\u00e1neo que abarcan el tema de la sexualidad desde diferentes \u00e1ngulos, algunas m\u00e1s exitosas que otras. Y la pol\u00e9mica es un factor que se suele presentar en alguna de ellas, en este caso en particular no es relativo al tema de tener una pareja lesbiana de protagonistas. Es debido a las inusuales escenas de sexo expl\u00edcito que presenta la cinta.<\/p>\n\n\n\n<p>Sobre todo la escena central que dura m\u00e1s de 10 minutos y que tard\u00f3 en filmarse 2 semanas. Incluso en pel\u00edculas donde la pareja es heterosexual, los tiempos en pantalla de las relaciones no son tan extensos.<\/p>\n\n\n\n<p>La principal cr\u00edtica que acompa\u00f1a a esta pel\u00edcula proviene no solo no del p\u00fablico en general, si no de la misma comunidad gay, que siente que la pel\u00edcula est\u00e1 realizada desde un punto de vista muy masculino (el del director). Y que puede considerarse m\u00e1s que un elemento narrativo, pornograf\u00eda l\u00e9sbica para hombres. La misma autora de la novela gr\u00e1fica que aprueba en lo general la adaptaci\u00f3n de su obra como historia de amor, ha declarado que siente que se perdi\u00f3 la esencia de las relaciones sexuales entre mujeres por la forma en que se retrat\u00f3 en la pantalla.<\/p>\n\n\n\n<figure class=\"wp-block-image size-large\"><img decoding=\"async\" loading=\"lazy\" width=\"1024\" height=\"614\" src=\"https:\/\/adrenalina.space\/wp-content\/uploads\/2021\/10\/La-vida-de-adele-still-1024x614.jpg\" alt=\"\" class=\"wp-image-2654\" srcset=\"https:\/\/adrenalina.space\/wp-content\/uploads\/2021\/10\/La-vida-de-adele-still-1024x614.jpg 1024w, https:\/\/adrenalina.space\/wp-content\/uploads\/2021\/10\/La-vida-de-adele-still-300x180.jpg 300w, https:\/\/adrenalina.space\/wp-content\/uploads\/2021\/10\/La-vida-de-adele-still-768x461.jpg 768w, https:\/\/adrenalina.space\/wp-content\/uploads\/2021\/10\/La-vida-de-adele-still-613x368.jpg 613w, https:\/\/adrenalina.space\/wp-content\/uploads\/2021\/10\/La-vida-de-adele-still.jpg 1200w\" sizes=\"(max-width: 1024px) 100vw, 1024px\" \/><figcaption>Ad\u00e8le (Ad\u00e8le Exarchopoulos) y Emma (L\u00e9a Seydoux)<\/figcaption><\/figure>\n\n\n\n<h2 class=\"wp-block-heading\">Ad\u00e8le<\/h2>\n\n\n\n<p>Aplausos de pie para la actriz Ad\u00e8le Exarchopoulos en el papel principal, esta chica que por cierto sale en cada escena de la pel\u00edcula, es decir que nunca vemos otra visi\u00f3n de la historia m\u00e1s que la suya. Es realmente el alma entera de la pel\u00edcula.<\/p>\n\n\n\n<p>L\u00e9a Seydoux que igualmente interpret\u00f3 excelente su papel, es opacada por el carisma y naturalidad y hasta ingenuidad que exuda el personaje Adele.<\/p>\n\n\n\n<p>Esto no fue gratis, es sabido tambi\u00e9n que el director tiene un estilo \u00abA la Kubrik\u00bb de dirigir, haciendo innumerables tomas, hasta m\u00e1s de 100. Llevando a los actores al borde del colapso f\u00edsico y mental; pero logrando con ello extraer emociones a flor de piel que son trasladados a la pantalla.<\/p>\n\n\n\n<p>En este caso espec\u00edfico vuelve al personaje central una persona entra\u00f1able y casi real, por momento pareciera que estamos espiando la vida de alguien que realmente existe y atraviesa por todo lo que vemos.<\/p>\n\n\n\n<p>Pero toda esta qu\u00edmica que vemos en pantalla entre las protagonistas as\u00ed como las escenas de drama llenas de dolor y l\u00e1grima, tuvieron un costo final. Y es que ambas actrices han declarado que una volver\u00edan a trabajar con este director, pero agradecen la oportunidad y trabajo realizado.<\/p>\n\n\n\n<h2 class=\"wp-block-heading\">M\u00e1s all\u00e1 de la pol\u00e9mica<\/h2>\n\n\n\n<p>Una pel\u00edcula de di\u00e1logos que dura 3 horas ya nos anticipa un poco lo que podemos esperar de ella. El director gusta de un estilo naturalista, casi documentalista; mostr\u00e1ndonos aspectos contemplativos de lo que sucede. Adele tomando el autob\u00fas, pein\u00e1ndose, caminando, etc.<\/p>\n\n\n\n<p>Adem\u00e1s de un gran n\u00famero de pl\u00e1ticas con diversos personajes secundarios cuyo objetivo es mostrarnos una emoci\u00f3n o una sensaci\u00f3n que debemos leer entre l\u00edneas. Las pl\u00e1ticas son solo pretexto para poder observar los gestos o lenguaje verbal que nos cuentan otra historia.<\/p>\n\n\n\n<p>EL director ha comentado que tuvo dos versiones que present\u00f3 al estudio, la de 2 y la de 3 horas, y que la decisi\u00f3n de la m\u00e1s larga fue la elegida por todos.<\/p>\n\n\n\n<h2 class=\"wp-block-heading\">No existe la pel\u00edcula perfecta<\/h2>\n\n\n\n<p>Y aunque muchos pensaran que hay pel\u00edculas que son perfectas, la realidad es subjetiva, los gustos son diversos y siempre habr\u00e1 puntos de vista distintos.<\/p>\n\n\n\n<p>La vida de Ad\u00e8le aborda un tema complejo como el de las relaciones entre el mismo sexo, y es v\u00e1lida la cr\u00edtica de que otras pel\u00edculas logran contar historias similares de mejor manera y con mejor gusto en sus escenas \u00edntimas. Por poner un ejemplo \u00abHappy Together\u00bb de Wong Kar-wai.<\/p>\n\n\n\n<p>Y la extensi\u00f3n kilom\u00e9trica de la cinta llena de escenas contemplativas, que podemos observar mejor resuelta en cintas como \u00abDrive\u00bb de Nicolas Winding Refn o \u00abLost in Translation\u00bb de Sof\u00eda Coppola.<\/p>\n\n\n\n<p>Pero haciendo a un lado estos detalles, la cinta merece los elogios que recibi\u00f3, incluso del mismo Steven Spielberg que fue el presidente del jurado en Cannes el a\u00f1o que se le otorg\u00f3 el premio. Y si Steven que es el maestro de lo pol\u00edticamente correcto y uno de los defensores del cine para toda la familia, vi\u00f3 y apoy\u00f3 la historia es por que realmente hay algo en ella que vale la pena ver.<\/p>\n\n\n\n<div class=\"wp-block-columns is-layout-flex wp-container-3\">\n<div class=\"wp-block-column is-layout-flow\">\n<figure class=\"wp-block-image size-full\"><img decoding=\"async\" loading=\"lazy\" width=\"400\" height=\"534\" src=\"https:\/\/adrenalina.space\/wp-content\/uploads\/2021\/10\/La-vida-de-adele-poster.jpg\" alt=\"\" class=\"wp-image-2655\" srcset=\"https:\/\/adrenalina.space\/wp-content\/uploads\/2021\/10\/La-vida-de-adele-poster.jpg 400w, https:\/\/adrenalina.space\/wp-content\/uploads\/2021\/10\/La-vida-de-adele-poster-225x300.jpg 225w\" sizes=\"(max-width: 400px) 100vw, 400px\" \/><\/figure>\n<\/div>\n\n\n\n<div class=\"wp-block-column is-layout-flow\">\n<ul><li>La vie d&#8217;Ad\u00e8le (2013) 3hrs<\/li><li>Director: Abdellatif Kechiche<\/li><li>Protagonistas: L\u00e9a Seydoux y Ad\u00e8le Exarchopoulos<\/li><li>En streaming por Mubi<\/li><\/ul>\n<\/div>\n<\/div>\n","protected":false},"excerpt":{"rendered":"<p>Hoy vamos a recordar una de las pel\u00edculas m\u00e1s controversiales de la pasada d\u00e9cada, \u00abLa vida de Ad\u00e8le\u00bb. Esta pel\u00edcula francesa le di\u00f3 la Palma de oro&#8230;<\/p>\n","protected":false},"author":5,"featured_media":2656,"comment_status":"closed","ping_status":"open","sticky":false,"template":"","format":"video","meta":[],"categories":[13],"tags":[],"yoast_head":"<!-- This site is optimized with the Yoast SEO plugin v21.8.1 - https:\/\/yoast.com\/wordpress\/plugins\/seo\/ -->\n<title>La vida de Adele: \u00bfD\u00f3nde termina el arte y empieza el morbo? : adrenalina<\/title>\n<meta name=\"robots\" content=\"index, follow, max-snippet:-1, max-image-preview:large, max-video-preview:-1\" \/>\n<link rel=\"canonical\" href=\"https:\/\/adrenalina.space\/index.php\/2021\/10\/08\/la-vida-de-adele-donde-termina-el-arte-y-empieza-el-morbo\/\" \/>\n<meta property=\"og:locale\" content=\"es_ES\" \/>\n<meta property=\"og:type\" content=\"article\" \/>\n<meta property=\"og:title\" content=\"La vida de Adele: \u00bfD\u00f3nde termina el arte y empieza el morbo?\" \/>\n<meta property=\"og:description\" content=\"Una pel\u00edcula que se debate en la pol\u00e9mica\" \/>\n<meta property=\"og:url\" content=\"https:\/\/adrenalina.space\/index.php\/2021\/10\/08\/la-vida-de-adele-donde-termina-el-arte-y-empieza-el-morbo\/\" \/>\n<meta property=\"og:site_name\" content=\"adrenalina\" \/>\n<meta property=\"article:publisher\" content=\"https:\/\/www.facebook.com\/Adrenalina-104069461705819\" \/>\n<meta property=\"article:published_time\" content=\"2021-10-08T22:08:45+00:00\" \/>\n<meta property=\"og:image\" content=\"https:\/\/adrenalina.space\/wp-content\/uploads\/2021\/10\/La-vida-de-adele-portada.jpg\" \/>\n\t<meta property=\"og:image:width\" content=\"2048\" \/>\n\t<meta property=\"og:image:height\" content=\"1152\" \/>\n\t<meta property=\"og:image:type\" content=\"image\/jpeg\" \/>\n<meta name=\"author\" content=\"Aisthesik\" \/>\n<meta name=\"twitter:card\" content=\"summary_large_image\" \/>\n<meta name=\"twitter:label1\" content=\"Escrito por\" \/>\n\t<meta name=\"twitter:data1\" content=\"Aisthesik\" \/>\n\t<meta name=\"twitter:label2\" content=\"Tiempo de lectura\" \/>\n\t<meta name=\"twitter:data2\" content=\"6 minutos\" \/>\n<script type=\"application\/ld+json\" class=\"yoast-schema-graph\">{\"@context\":\"https:\/\/schema.org\",\"@graph\":[{\"@type\":\"Article\",\"@id\":\"https:\/\/adrenalina.space\/index.php\/2021\/10\/08\/la-vida-de-adele-donde-termina-el-arte-y-empieza-el-morbo\/#article\",\"isPartOf\":{\"@id\":\"https:\/\/adrenalina.space\/index.php\/2021\/10\/08\/la-vida-de-adele-donde-termina-el-arte-y-empieza-el-morbo\/\"},\"author\":{\"name\":\"Aisthesik\",\"@id\":\"https:\/\/adrenalina.space\/#\/schema\/person\/00d926b93045389ea2d55479157ded14\"},\"headline\":\"La vida de Adele: \u00bfD\u00f3nde termina el arte y empieza el morbo?\",\"datePublished\":\"2021-10-08T22:08:45+00:00\",\"dateModified\":\"2021-10-08T22:08:45+00:00\",\"mainEntityOfPage\":{\"@id\":\"https:\/\/adrenalina.space\/index.php\/2021\/10\/08\/la-vida-de-adele-donde-termina-el-arte-y-empieza-el-morbo\/\"},\"wordCount\":1164,\"publisher\":{\"@id\":\"https:\/\/adrenalina.space\/#organization\"},\"articleSection\":[\"Cine\"],\"inLanguage\":\"es\"},{\"@type\":\"WebPage\",\"@id\":\"https:\/\/adrenalina.space\/index.php\/2021\/10\/08\/la-vida-de-adele-donde-termina-el-arte-y-empieza-el-morbo\/\",\"url\":\"https:\/\/adrenalina.space\/index.php\/2021\/10\/08\/la-vida-de-adele-donde-termina-el-arte-y-empieza-el-morbo\/\",\"name\":\"La vida de Adele: \u00bfD\u00f3nde termina el arte y empieza el morbo? : adrenalina\",\"isPartOf\":{\"@id\":\"https:\/\/adrenalina.space\/#website\"},\"datePublished\":\"2021-10-08T22:08:45+00:00\",\"dateModified\":\"2021-10-08T22:08:45+00:00\",\"breadcrumb\":{\"@id\":\"https:\/\/adrenalina.space\/index.php\/2021\/10\/08\/la-vida-de-adele-donde-termina-el-arte-y-empieza-el-morbo\/#breadcrumb\"},\"inLanguage\":\"es\",\"potentialAction\":[{\"@type\":\"ReadAction\",\"target\":[\"https:\/\/adrenalina.space\/index.php\/2021\/10\/08\/la-vida-de-adele-donde-termina-el-arte-y-empieza-el-morbo\/\"]}]},{\"@type\":\"BreadcrumbList\",\"@id\":\"https:\/\/adrenalina.space\/index.php\/2021\/10\/08\/la-vida-de-adele-donde-termina-el-arte-y-empieza-el-morbo\/#breadcrumb\",\"itemListElement\":[{\"@type\":\"ListItem\",\"position\":1,\"name\":\"Portada\",\"item\":\"https:\/\/adrenalina.space\/\"},{\"@type\":\"ListItem\",\"position\":2,\"name\":\"La vida de Adele: \u00bfD\u00f3nde termina el arte y empieza el morbo?\"}]},{\"@type\":\"WebSite\",\"@id\":\"https:\/\/adrenalina.space\/#website\",\"url\":\"https:\/\/adrenalina.space\/\",\"name\":\"adrenalina\",\"description\":\"Mentes ecl\u00e9cticas, gustos dispersos.\",\"publisher\":{\"@id\":\"https:\/\/adrenalina.space\/#organization\"},\"potentialAction\":[{\"@type\":\"SearchAction\",\"target\":{\"@type\":\"EntryPoint\",\"urlTemplate\":\"https:\/\/adrenalina.space\/?s={search_term_string}\"},\"query-input\":\"required name=search_term_string\"}],\"inLanguage\":\"es\"},{\"@type\":\"Organization\",\"@id\":\"https:\/\/adrenalina.space\/#organization\",\"name\":\"Adrenalina Space\",\"url\":\"https:\/\/adrenalina.space\/\",\"logo\":{\"@type\":\"ImageObject\",\"inLanguage\":\"es\",\"@id\":\"https:\/\/adrenalina.space\/#\/schema\/logo\/image\/\",\"url\":\"https:\/\/adrenalina.space\/wp-content\/uploads\/2021\/03\/Asset-1.png\",\"contentUrl\":\"https:\/\/adrenalina.space\/wp-content\/uploads\/2021\/03\/Asset-1.png\",\"width\":403,\"height\":65,\"caption\":\"Adrenalina Space\"},\"image\":{\"@id\":\"https:\/\/adrenalina.space\/#\/schema\/logo\/image\/\"},\"sameAs\":[\"https:\/\/www.facebook.com\/Adrenalina-104069461705819\"]},{\"@type\":\"Person\",\"@id\":\"https:\/\/adrenalina.space\/#\/schema\/person\/00d926b93045389ea2d55479157ded14\",\"name\":\"Aisthesik\",\"image\":{\"@type\":\"ImageObject\",\"inLanguage\":\"es\",\"@id\":\"https:\/\/adrenalina.space\/#\/schema\/person\/image\/\",\"url\":\"https:\/\/adrenalina.space\/wp-content\/uploads\/2021\/06\/aisthesik-126x126.jpg\",\"contentUrl\":\"https:\/\/adrenalina.space\/wp-content\/uploads\/2021\/06\/aisthesik-126x126.jpg\",\"caption\":\"Aisthesik\"},\"description\":\"Curioso de las artes visuales.\",\"sameAs\":[\"https:\/\/www.instagram.com\/aisthesik\/\"],\"url\":\"https:\/\/adrenalina.space\/index.php\/author\/aisthesik\/\"}]}<\/script>\n<!-- \/ Yoast SEO plugin. -->","yoast_head_json":{"title":"La vida de Adele: \u00bfD\u00f3nde termina el arte y empieza el morbo? : adrenalina","robots":{"index":"index","follow":"follow","max-snippet":"max-snippet:-1","max-image-preview":"max-image-preview:large","max-video-preview":"max-video-preview:-1"},"canonical":"https:\/\/adrenalina.space\/index.php\/2021\/10\/08\/la-vida-de-adele-donde-termina-el-arte-y-empieza-el-morbo\/","og_locale":"es_ES","og_type":"article","og_title":"La vida de Adele: \u00bfD\u00f3nde termina el arte y empieza el morbo?","og_description":"Una pel\u00edcula que se debate en la pol\u00e9mica","og_url":"https:\/\/adrenalina.space\/index.php\/2021\/10\/08\/la-vida-de-adele-donde-termina-el-arte-y-empieza-el-morbo\/","og_site_name":"adrenalina","article_publisher":"https:\/\/www.facebook.com\/Adrenalina-104069461705819","article_published_time":"2021-10-08T22:08:45+00:00","og_image":[{"width":2048,"height":1152,"url":"https:\/\/adrenalina.space\/wp-content\/uploads\/2021\/10\/La-vida-de-adele-portada.jpg","type":"image\/jpeg"}],"author":"Aisthesik","twitter_card":"summary_large_image","twitter_misc":{"Escrito por":"Aisthesik","Tiempo de lectura":"6 minutos"},"schema":{"@context":"https:\/\/schema.org","@graph":[{"@type":"Article","@id":"https:\/\/adrenalina.space\/index.php\/2021\/10\/08\/la-vida-de-adele-donde-termina-el-arte-y-empieza-el-morbo\/#article","isPartOf":{"@id":"https:\/\/adrenalina.space\/index.php\/2021\/10\/08\/la-vida-de-adele-donde-termina-el-arte-y-empieza-el-morbo\/"},"author":{"name":"Aisthesik","@id":"https:\/\/adrenalina.space\/#\/schema\/person\/00d926b93045389ea2d55479157ded14"},"headline":"La vida de Adele: \u00bfD\u00f3nde termina el arte y empieza el morbo?","datePublished":"2021-10-08T22:08:45+00:00","dateModified":"2021-10-08T22:08:45+00:00","mainEntityOfPage":{"@id":"https:\/\/adrenalina.space\/index.php\/2021\/10\/08\/la-vida-de-adele-donde-termina-el-arte-y-empieza-el-morbo\/"},"wordCount":1164,"publisher":{"@id":"https:\/\/adrenalina.space\/#organization"},"articleSection":["Cine"],"inLanguage":"es"},{"@type":"WebPage","@id":"https:\/\/adrenalina.space\/index.php\/2021\/10\/08\/la-vida-de-adele-donde-termina-el-arte-y-empieza-el-morbo\/","url":"https:\/\/adrenalina.space\/index.php\/2021\/10\/08\/la-vida-de-adele-donde-termina-el-arte-y-empieza-el-morbo\/","name":"La vida de Adele: \u00bfD\u00f3nde termina el arte y empieza el morbo? : adrenalina","isPartOf":{"@id":"https:\/\/adrenalina.space\/#website"},"datePublished":"2021-10-08T22:08:45+00:00","dateModified":"2021-10-08T22:08:45+00:00","breadcrumb":{"@id":"https:\/\/adrenalina.space\/index.php\/2021\/10\/08\/la-vida-de-adele-donde-termina-el-arte-y-empieza-el-morbo\/#breadcrumb"},"inLanguage":"es","potentialAction":[{"@type":"ReadAction","target":["https:\/\/adrenalina.space\/index.php\/2021\/10\/08\/la-vida-de-adele-donde-termina-el-arte-y-empieza-el-morbo\/"]}]},{"@type":"BreadcrumbList","@id":"https:\/\/adrenalina.space\/index.php\/2021\/10\/08\/la-vida-de-adele-donde-termina-el-arte-y-empieza-el-morbo\/#breadcrumb","itemListElement":[{"@type":"ListItem","position":1,"name":"Portada","item":"https:\/\/adrenalina.space\/"},{"@type":"ListItem","position":2,"name":"La vida de Adele: \u00bfD\u00f3nde termina el arte y empieza el morbo?"}]},{"@type":"WebSite","@id":"https:\/\/adrenalina.space\/#website","url":"https:\/\/adrenalina.space\/","name":"adrenalina","description":"Mentes ecl\u00e9cticas, gustos dispersos.","publisher":{"@id":"https:\/\/adrenalina.space\/#organization"},"potentialAction":[{"@type":"SearchAction","target":{"@type":"EntryPoint","urlTemplate":"https:\/\/adrenalina.space\/?s={search_term_string}"},"query-input":"required name=search_term_string"}],"inLanguage":"es"},{"@type":"Organization","@id":"https:\/\/adrenalina.space\/#organization","name":"Adrenalina Space","url":"https:\/\/adrenalina.space\/","logo":{"@type":"ImageObject","inLanguage":"es","@id":"https:\/\/adrenalina.space\/#\/schema\/logo\/image\/","url":"https:\/\/adrenalina.space\/wp-content\/uploads\/2021\/03\/Asset-1.png","contentUrl":"https:\/\/adrenalina.space\/wp-content\/uploads\/2021\/03\/Asset-1.png","width":403,"height":65,"caption":"Adrenalina Space"},"image":{"@id":"https:\/\/adrenalina.space\/#\/schema\/logo\/image\/"},"sameAs":["https:\/\/www.facebook.com\/Adrenalina-104069461705819"]},{"@type":"Person","@id":"https:\/\/adrenalina.space\/#\/schema\/person\/00d926b93045389ea2d55479157ded14","name":"Aisthesik","image":{"@type":"ImageObject","inLanguage":"es","@id":"https:\/\/adrenalina.space\/#\/schema\/person\/image\/","url":"https:\/\/adrenalina.space\/wp-content\/uploads\/2021\/06\/aisthesik-126x126.jpg","contentUrl":"https:\/\/adrenalina.space\/wp-content\/uploads\/2021\/06\/aisthesik-126x126.jpg","caption":"Aisthesik"},"description":"Curioso de las artes visuales.","sameAs":["https:\/\/www.instagram.com\/aisthesik\/"],"url":"https:\/\/adrenalina.space\/index.php\/author\/aisthesik\/"}]}},"_links":{"self":[{"href":"https:\/\/adrenalina.space\/index.php\/wp-json\/wp\/v2\/posts\/2652"}],"collection":[{"href":"https:\/\/adrenalina.space\/index.php\/wp-json\/wp\/v2\/posts"}],"about":[{"href":"https:\/\/adrenalina.space\/index.php\/wp-json\/wp\/v2\/types\/post"}],"author":[{"embeddable":true,"href":"https:\/\/adrenalina.space\/index.php\/wp-json\/wp\/v2\/users\/5"}],"replies":[{"embeddable":true,"href":"https:\/\/adrenalina.space\/index.php\/wp-json\/wp\/v2\/comments?post=2652"}],"version-history":[{"count":3,"href":"https:\/\/adrenalina.space\/index.php\/wp-json\/wp\/v2\/posts\/2652\/revisions"}],"predecessor-version":[{"id":2660,"href":"https:\/\/adrenalina.space\/index.php\/wp-json\/wp\/v2\/posts\/2652\/revisions\/2660"}],"wp:featuredmedia":[{"embeddable":true,"href":"https:\/\/adrenalina.space\/index.php\/wp-json\/wp\/v2\/media\/2656"}],"wp:attachment":[{"href":"https:\/\/adrenalina.space\/index.php\/wp-json\/wp\/v2\/media?parent=2652"}],"wp:term":[{"taxonomy":"category","embeddable":true,"href":"https:\/\/adrenalina.space\/index.php\/wp-json\/wp\/v2\/categories?post=2652"},{"taxonomy":"post_tag","embeddable":true,"href":"https:\/\/adrenalina.space\/index.php\/wp-json\/wp\/v2\/tags?post=2652"}],"curies":[{"name":"wp","href":"https:\/\/api.w.org\/{rel}","templated":true}]}}