{"id":4632,"date":"2022-10-07T22:18:50","date_gmt":"2022-10-07T22:18:50","guid":{"rendered":"https:\/\/adrenalina.space\/?p=4632"},"modified":"2022-10-09T21:45:41","modified_gmt":"2022-10-09T21:45:41","slug":"blonde-en-el-limite-entre-la-realidad-y-la-ficcion","status":"publish","type":"post","link":"https:\/\/adrenalina.space\/index.php\/2022\/10\/07\/blonde-en-el-limite-entre-la-realidad-y-la-ficcion\/","title":{"rendered":"Blonde, en el l\u00edmite entre la realidad y la ficci\u00f3n."},"content":{"rendered":"\n<p>Quiz\u00e1s no existe figura m\u00e1s representativa o emblem\u00e1tica del cine que Marilyn Monroe, recuerdo cuando era ni\u00f1o ver im\u00e1genes de ella en distintas partes, desde cafeter\u00edas hasta tiendas de ropa. Antes de saber qui\u00e9n era o c\u00f3mo se llamaba ya reconoc\u00eda su imagen, antes de que me interesara el cine ya hab\u00eda comprado un p\u00f3ster de ella. A\u00fan cuando ya ten\u00eda m\u00e1s de tres d\u00e9cadas de fallecida y yo no hab\u00eda visto ni un segundo de sus pel\u00edculas.<\/p>\n\n\n\n<p>Pero en las tiendas de p\u00f3sters abundaban los retratos de ella y otras figuras nost\u00e1lgicas como Elvis Presley, John Lennon, o Jim Morrison. Celebridades que a\u00fan sin conocer la vida y obra de ellos transmit\u00edan ese halo de estrella, glamour y personalidad.<\/p>\n\n\n\n<p>Marilyn rebasaba por mucho en cantidad de im\u00e1genes y carisma, brillando muy por encima de los dem\u00e1s. La lente la amaba, tanto en la foto fija como en el cine, pero lamentablemente el cari\u00f1o de la industria del entretenimiento no era rec\u00edproco. Y parad\u00f3jicamente esa luz que irradiaba en pantalla no fue lo com\u00fan a lo largo de su vida.<\/p>\n\n\n\n<h2 class=\"wp-block-heading\">La trama<\/h2>\n\n\n\n<p>Basada en una novela de ficci\u00f3n, esta cinta nos relata la vida de Norma Jean (Ana de Armas), mejor conocida como Marilyn Monroe. Empezando por su turbulenta ni\u00f1ez al lado de su madre que sufr\u00eda de un terrible desequilibrio mental. Para posteriormente dar un brinco al inicio de su carrera como actriz y contarnos varios episodios que marcaron la vida y el tr\u00e1gico desenlace de este icono del cine americano.<\/p>\n\n\n\n<h2 class=\"wp-block-heading\">La tragedia de su vida<\/h2>\n\n\n\n<p>Probablemente la critica mas grande que ha sufrido esta cinta es el exceso de situaciones donde Marilyn Monroe es vejada, maltratada y humillada, tanto f\u00edsicamente, emocionalmente como sexualmente. Y que al mostrarlo de esa manera se re victimiza su esencia nuevamente.<\/p>\n\n\n\n<p>Lo cual no es un concepto tan errado, el director podr\u00eda haber optado por una manera menos cruda y en algunos casos exagerada de representar ciertos conflictos. Pero estos excesos de estilo narrativo es algo usado por mucho directores, el confrontar directamente al espectador con la realidad visceral de aquello sobre lo que tratan de hacernos reflexionar.<\/p>\n\n\n\n<p>Es decir que las pel\u00edculas que impactan m\u00e1s en nosotros son las que nos muestran los hechos de una manera m\u00e1s real. Por ello las cintas de guerra entre m\u00e1s crudas m\u00e1s impactantes, teniendo como fin el provocar el repudio sobre dichos actos.<\/p>\n\n\n\n<p>La vida de Marilyn Monroe fue una tragedia, es por ello que una pel\u00edcula de corte optimista sobre su vida es poco factible, un intento reciente fue \u00abMi semana con Marilyn (2012)\u00bb con Michelle Williams. Que si bien tiene un toque m\u00e1s id\u00edlico tampoco deja lado su sufrimiento. Seguro que existieron momentos de plenitud en su vida, muchos de los cuales nunca sabremos. Pero lo que nos muestran los registros y an\u00e9cdotas que existen de ella es que fue un ser atormentado desde su ni\u00f1ez hasta el \u00faltimo de sus d\u00edas.<\/p>\n\n\n\n<figure class=\"wp-block-image size-large\"><img decoding=\"async\" loading=\"lazy\" width=\"1024\" height=\"576\" src=\"https:\/\/adrenalina.space\/wp-content\/uploads\/2022\/10\/blonde-art-1024x576.jpg\" alt=\"\" class=\"wp-image-4634\" srcset=\"https:\/\/adrenalina.space\/wp-content\/uploads\/2022\/10\/blonde-art-1024x576.jpg 1024w, https:\/\/adrenalina.space\/wp-content\/uploads\/2022\/10\/blonde-art-300x169.jpg 300w, https:\/\/adrenalina.space\/wp-content\/uploads\/2022\/10\/blonde-art-768x432.jpg 768w, https:\/\/adrenalina.space\/wp-content\/uploads\/2022\/10\/blonde-art-613x345.jpg 613w, https:\/\/adrenalina.space\/wp-content\/uploads\/2022\/10\/blonde-art.jpg 1280w\" sizes=\"(max-width: 1024px) 100vw, 1024px\" \/><\/figure>\n\n\n\n<h2 class=\"wp-block-heading\">La pol\u00e9mica<\/h2>\n\n\n\n<p>Como ya lo hab\u00edamos apuntado \u00abBlonde\u00bb es una adaptaci\u00f3n de una novela ficticia basada en la vida de Marilyn Monroe, esto quiere decir que aunque algunos eventos coinciden con lo que pas\u00f3 en la realidad, la manera en que pasaron no fue tal como sucedieron en esta adaptaci\u00f3n. E incluso algunos de los pasajes son completamente imaginados por la autora.<\/p>\n\n\n\n<p>Ello deriva en una doble interpretaci\u00f3n libre, primero de la novelista y posteriormente del director de la cinta. Entre ambos han creado este universo inspirado en la actriz pero no 100% exacto, y parte de estas interpretaciones son tambi\u00e9n causa de pol\u00e9mica.<\/p>\n\n\n\n<p>Algunos sectores de la audiencia han tachado a la pel\u00edcula de tener una agenda antiaborto, por algunas secuencias que tratan con tintes moralistas dichos eventos en la vida de Marilyn. Otros piensan que se normaliza la violencia hacia la mujer, y que as\u00ed como las cintas de guerra tipo \u00abPelot\u00f3n\u00bb o \u00abApocalipsis Now\u00bb tratan de alejarnos de ella, en realidad terminan promoviendo la violencia que condenan. Todo es cuesti\u00f3n de enfoque.<\/p>\n\n\n\n<h2 class=\"wp-block-heading\">Producci\u00f3n impecable<\/h2>\n\n\n\n<p>Todo lo relativo a la construcci\u00f3n visual y auditiva de esta cinta es de admirarse. La manufactura con que fue hecha es simplemente impecable, especialmente la recreaci\u00f3n de varias im\u00e1genes que fueron capturadas mediante fotograf\u00eda durante la vida de Marilyn y que aqu\u00ed cobran vida en instantes claves de la pel\u00edcula.<\/p>\n\n\n\n<p>Muchos de los pasajes de las cinta tienen un desenvolvimiento casi on\u00edrico muy al estilo David Lynch, la musicalizaci\u00f3n, la direcci\u00f3n de arte y en especial la fotograf\u00eda son c\u00f3mplices de haber creado una obra perfecta a nivel audiovisual.<\/p>\n\n\n\n<p>La actuaci\u00f3n de Ana de armas es impactante, en varios momentos de la historia es casi imposible distinguir si lo que estamos viendo en pantalla es ella o es extracto de alguna pel\u00edcula vieja de Marilyn, pero ninguna imagen original de ella fue utilizada durante la producci\u00f3n. No necesariamente es un requisito que los actores que interpretan un personaje de la vida real sean id\u00e9nticos, como ha sucedido en otras biograf\u00edas por mencionar algunas, la de Elton John o m\u00e1s recientemente la de Elvis Presley.<\/p>\n\n\n\n<p>Aunque la actriz de origen cubano es m\u00e1s alta y delgada de lo que fue realidad Marilyn Monroe, cuando la c\u00e1mara se centra en su rostro y sus expresiones, ella sin duda logra transmitir las mismas sensaciones que vemos de Marilyn en los distintos vestigios de entrevistas y actuaciones que quedan de ella.<\/p>\n\n\n\n<h2 class=\"wp-block-heading\">En conclusi\u00f3n<\/h2>\n\n\n\n<p>Es dif\u00edcil determinar qu\u00e9 p\u00fablico puede \u00abdisfrutar\u00bb al 100% de esta pel\u00edcula, quiz\u00e1 los fans de Marilyn Monroe est\u00e1n divididos entre si la pel\u00edcula hace justicia o no a la vida y obra de la m\u00edtica rubia. Y entre el p\u00fablico en general tal vez el nivel de drama y violencia que se describe durante la historia no sea lo que esperaban de una cinta de sof\u00e1 de viernes por la tarde. Probablemente quienes m\u00e1s aprecien el producto que se ve en pantalla, sean aquellos que disfrutan del cine en general y puedan tener una perspectiva m\u00e1s abierta de lo que representa un ensayo visual como lo que a final de cuentas es \u00abBlonde\u00bb.<\/p>\n\n\n\n<div class=\"wp-block-columns is-layout-flex wp-container-3\">\n<div class=\"wp-block-column is-layout-flow\">\n<figure class=\"wp-block-image size-full\"><img decoding=\"async\" loading=\"lazy\" width=\"400\" height=\"500\" src=\"https:\/\/adrenalina.space\/wp-content\/uploads\/2022\/10\/blonde-poster.jpg\" alt=\"\" class=\"wp-image-4635\" srcset=\"https:\/\/adrenalina.space\/wp-content\/uploads\/2022\/10\/blonde-poster.jpg 400w, https:\/\/adrenalina.space\/wp-content\/uploads\/2022\/10\/blonde-poster-240x300.jpg 240w\" sizes=\"(max-width: 400px) 100vw, 400px\" \/><\/figure>\n<\/div>\n\n\n\n<div class=\"wp-block-column is-layout-flow\">\n<p>T\u00edtulo: Blonde (Rubia)<br>A\u00f1o de realizaci\u00f3n: 2022<br>Duraci\u00f3n: 2h46m<br>G\u00e9nero: Drama, Biograf\u00eda<br>Origen: EU<br>Direcci\u00f3n: Andrew Dominik<br>Int\u00e9rpretes: Ana de Armas<br>Clasificaci\u00f3n: Para mayores de 18<br>En streaming por Netflix<\/p>\n<\/div>\n<\/div>\n","protected":false},"excerpt":{"rendered":"<p>Quiz\u00e1s no existe figura m\u00e1s representativa o emblem\u00e1tica del cine que Marilyn Monroe, recuerdo cuando era ni\u00f1o ver im\u00e1genes de ella en distintas partes, desde cafeter\u00edas hasta&#8230;<\/p>\n","protected":false},"author":5,"featured_media":4636,"comment_status":"closed","ping_status":"open","sticky":false,"template":"","format":"video","meta":[],"categories":[13],"tags":[],"yoast_head":"<!-- This site is optimized with the Yoast SEO plugin v21.8.1 - https:\/\/yoast.com\/wordpress\/plugins\/seo\/ -->\n<title>Blonde, en el l\u00edmite entre la realidad y la ficci\u00f3n. : adrenalina<\/title>\n<meta name=\"robots\" content=\"index, follow, max-snippet:-1, max-image-preview:large, max-video-preview:-1\" \/>\n<link rel=\"canonical\" href=\"https:\/\/adrenalina.space\/index.php\/2022\/10\/07\/blonde-en-el-limite-entre-la-realidad-y-la-ficcion\/\" \/>\n<meta property=\"og:locale\" content=\"es_ES\" \/>\n<meta property=\"og:type\" content=\"article\" \/>\n<meta property=\"og:title\" content=\"Blonde, en el l\u00edmite entre la realidad y la ficci\u00f3n. : adrenalina\" \/>\n<meta property=\"og:description\" content=\"Quiz\u00e1s no existe figura m\u00e1s representativa o emblem\u00e1tica del cine que Marilyn Monroe, recuerdo cuando era ni\u00f1o ver im\u00e1genes de ella en distintas partes, desde cafeter\u00edas hasta...\" \/>\n<meta property=\"og:url\" content=\"https:\/\/adrenalina.space\/index.php\/2022\/10\/07\/blonde-en-el-limite-entre-la-realidad-y-la-ficcion\/\" \/>\n<meta property=\"og:site_name\" content=\"adrenalina\" \/>\n<meta property=\"article:publisher\" content=\"https:\/\/www.facebook.com\/Adrenalina-104069461705819\" \/>\n<meta property=\"article:published_time\" content=\"2022-10-07T22:18:50+00:00\" \/>\n<meta property=\"article:modified_time\" content=\"2022-10-09T21:45:41+00:00\" \/>\n<meta property=\"og:image\" content=\"https:\/\/adrenalina.space\/wp-content\/uploads\/2022\/10\/blonde-cover.jpg\" \/>\n\t<meta property=\"og:image:width\" content=\"2048\" \/>\n\t<meta property=\"og:image:height\" content=\"1152\" \/>\n\t<meta property=\"og:image:type\" content=\"image\/jpeg\" \/>\n<meta name=\"author\" content=\"Aisthesik\" \/>\n<meta name=\"twitter:card\" content=\"summary_large_image\" \/>\n<meta name=\"twitter:label1\" content=\"Escrito por\" \/>\n\t<meta name=\"twitter:data1\" content=\"Aisthesik\" \/>\n\t<meta name=\"twitter:label2\" content=\"Tiempo de lectura\" \/>\n\t<meta name=\"twitter:data2\" content=\"6 minutos\" \/>\n<script type=\"application\/ld+json\" class=\"yoast-schema-graph\">{\"@context\":\"https:\/\/schema.org\",\"@graph\":[{\"@type\":\"Article\",\"@id\":\"https:\/\/adrenalina.space\/index.php\/2022\/10\/07\/blonde-en-el-limite-entre-la-realidad-y-la-ficcion\/#article\",\"isPartOf\":{\"@id\":\"https:\/\/adrenalina.space\/index.php\/2022\/10\/07\/blonde-en-el-limite-entre-la-realidad-y-la-ficcion\/\"},\"author\":{\"name\":\"Aisthesik\",\"@id\":\"https:\/\/adrenalina.space\/#\/schema\/person\/00d926b93045389ea2d55479157ded14\"},\"headline\":\"Blonde, en el l\u00edmite entre la realidad y la ficci\u00f3n.\",\"datePublished\":\"2022-10-07T22:18:50+00:00\",\"dateModified\":\"2022-10-09T21:45:41+00:00\",\"mainEntityOfPage\":{\"@id\":\"https:\/\/adrenalina.space\/index.php\/2022\/10\/07\/blonde-en-el-limite-entre-la-realidad-y-la-ficcion\/\"},\"wordCount\":1135,\"publisher\":{\"@id\":\"https:\/\/adrenalina.space\/#organization\"},\"articleSection\":[\"Cine\"],\"inLanguage\":\"es\"},{\"@type\":\"WebPage\",\"@id\":\"https:\/\/adrenalina.space\/index.php\/2022\/10\/07\/blonde-en-el-limite-entre-la-realidad-y-la-ficcion\/\",\"url\":\"https:\/\/adrenalina.space\/index.php\/2022\/10\/07\/blonde-en-el-limite-entre-la-realidad-y-la-ficcion\/\",\"name\":\"Blonde, en el l\u00edmite entre la realidad y la ficci\u00f3n. : adrenalina\",\"isPartOf\":{\"@id\":\"https:\/\/adrenalina.space\/#website\"},\"datePublished\":\"2022-10-07T22:18:50+00:00\",\"dateModified\":\"2022-10-09T21:45:41+00:00\",\"breadcrumb\":{\"@id\":\"https:\/\/adrenalina.space\/index.php\/2022\/10\/07\/blonde-en-el-limite-entre-la-realidad-y-la-ficcion\/#breadcrumb\"},\"inLanguage\":\"es\",\"potentialAction\":[{\"@type\":\"ReadAction\",\"target\":[\"https:\/\/adrenalina.space\/index.php\/2022\/10\/07\/blonde-en-el-limite-entre-la-realidad-y-la-ficcion\/\"]}]},{\"@type\":\"BreadcrumbList\",\"@id\":\"https:\/\/adrenalina.space\/index.php\/2022\/10\/07\/blonde-en-el-limite-entre-la-realidad-y-la-ficcion\/#breadcrumb\",\"itemListElement\":[{\"@type\":\"ListItem\",\"position\":1,\"name\":\"Portada\",\"item\":\"https:\/\/adrenalina.space\/\"},{\"@type\":\"ListItem\",\"position\":2,\"name\":\"Blonde, en el l\u00edmite entre la realidad y la ficci\u00f3n.\"}]},{\"@type\":\"WebSite\",\"@id\":\"https:\/\/adrenalina.space\/#website\",\"url\":\"https:\/\/adrenalina.space\/\",\"name\":\"adrenalina\",\"description\":\"Mentes ecl\u00e9cticas, gustos dispersos.\",\"publisher\":{\"@id\":\"https:\/\/adrenalina.space\/#organization\"},\"potentialAction\":[{\"@type\":\"SearchAction\",\"target\":{\"@type\":\"EntryPoint\",\"urlTemplate\":\"https:\/\/adrenalina.space\/?s={search_term_string}\"},\"query-input\":\"required name=search_term_string\"}],\"inLanguage\":\"es\"},{\"@type\":\"Organization\",\"@id\":\"https:\/\/adrenalina.space\/#organization\",\"name\":\"Adrenalina Space\",\"url\":\"https:\/\/adrenalina.space\/\",\"logo\":{\"@type\":\"ImageObject\",\"inLanguage\":\"es\",\"@id\":\"https:\/\/adrenalina.space\/#\/schema\/logo\/image\/\",\"url\":\"https:\/\/adrenalina.space\/wp-content\/uploads\/2021\/03\/Asset-1.png\",\"contentUrl\":\"https:\/\/adrenalina.space\/wp-content\/uploads\/2021\/03\/Asset-1.png\",\"width\":403,\"height\":65,\"caption\":\"Adrenalina Space\"},\"image\":{\"@id\":\"https:\/\/adrenalina.space\/#\/schema\/logo\/image\/\"},\"sameAs\":[\"https:\/\/www.facebook.com\/Adrenalina-104069461705819\"]},{\"@type\":\"Person\",\"@id\":\"https:\/\/adrenalina.space\/#\/schema\/person\/00d926b93045389ea2d55479157ded14\",\"name\":\"Aisthesik\",\"image\":{\"@type\":\"ImageObject\",\"inLanguage\":\"es\",\"@id\":\"https:\/\/adrenalina.space\/#\/schema\/person\/image\/\",\"url\":\"https:\/\/adrenalina.space\/wp-content\/uploads\/2021\/06\/aisthesik-126x126.jpg\",\"contentUrl\":\"https:\/\/adrenalina.space\/wp-content\/uploads\/2021\/06\/aisthesik-126x126.jpg\",\"caption\":\"Aisthesik\"},\"description\":\"Curioso de las artes visuales.\",\"sameAs\":[\"https:\/\/www.instagram.com\/aisthesik\/\"],\"url\":\"https:\/\/adrenalina.space\/index.php\/author\/aisthesik\/\"}]}<\/script>\n<!-- \/ Yoast SEO plugin. -->","yoast_head_json":{"title":"Blonde, en el l\u00edmite entre la realidad y la ficci\u00f3n. : adrenalina","robots":{"index":"index","follow":"follow","max-snippet":"max-snippet:-1","max-image-preview":"max-image-preview:large","max-video-preview":"max-video-preview:-1"},"canonical":"https:\/\/adrenalina.space\/index.php\/2022\/10\/07\/blonde-en-el-limite-entre-la-realidad-y-la-ficcion\/","og_locale":"es_ES","og_type":"article","og_title":"Blonde, en el l\u00edmite entre la realidad y la ficci\u00f3n. : adrenalina","og_description":"Quiz\u00e1s no existe figura m\u00e1s representativa o emblem\u00e1tica del cine que Marilyn Monroe, recuerdo cuando era ni\u00f1o ver im\u00e1genes de ella en distintas partes, desde cafeter\u00edas hasta...","og_url":"https:\/\/adrenalina.space\/index.php\/2022\/10\/07\/blonde-en-el-limite-entre-la-realidad-y-la-ficcion\/","og_site_name":"adrenalina","article_publisher":"https:\/\/www.facebook.com\/Adrenalina-104069461705819","article_published_time":"2022-10-07T22:18:50+00:00","article_modified_time":"2022-10-09T21:45:41+00:00","og_image":[{"width":2048,"height":1152,"url":"https:\/\/adrenalina.space\/wp-content\/uploads\/2022\/10\/blonde-cover.jpg","type":"image\/jpeg"}],"author":"Aisthesik","twitter_card":"summary_large_image","twitter_misc":{"Escrito por":"Aisthesik","Tiempo de lectura":"6 minutos"},"schema":{"@context":"https:\/\/schema.org","@graph":[{"@type":"Article","@id":"https:\/\/adrenalina.space\/index.php\/2022\/10\/07\/blonde-en-el-limite-entre-la-realidad-y-la-ficcion\/#article","isPartOf":{"@id":"https:\/\/adrenalina.space\/index.php\/2022\/10\/07\/blonde-en-el-limite-entre-la-realidad-y-la-ficcion\/"},"author":{"name":"Aisthesik","@id":"https:\/\/adrenalina.space\/#\/schema\/person\/00d926b93045389ea2d55479157ded14"},"headline":"Blonde, en el l\u00edmite entre la realidad y la ficci\u00f3n.","datePublished":"2022-10-07T22:18:50+00:00","dateModified":"2022-10-09T21:45:41+00:00","mainEntityOfPage":{"@id":"https:\/\/adrenalina.space\/index.php\/2022\/10\/07\/blonde-en-el-limite-entre-la-realidad-y-la-ficcion\/"},"wordCount":1135,"publisher":{"@id":"https:\/\/adrenalina.space\/#organization"},"articleSection":["Cine"],"inLanguage":"es"},{"@type":"WebPage","@id":"https:\/\/adrenalina.space\/index.php\/2022\/10\/07\/blonde-en-el-limite-entre-la-realidad-y-la-ficcion\/","url":"https:\/\/adrenalina.space\/index.php\/2022\/10\/07\/blonde-en-el-limite-entre-la-realidad-y-la-ficcion\/","name":"Blonde, en el l\u00edmite entre la realidad y la ficci\u00f3n. : adrenalina","isPartOf":{"@id":"https:\/\/adrenalina.space\/#website"},"datePublished":"2022-10-07T22:18:50+00:00","dateModified":"2022-10-09T21:45:41+00:00","breadcrumb":{"@id":"https:\/\/adrenalina.space\/index.php\/2022\/10\/07\/blonde-en-el-limite-entre-la-realidad-y-la-ficcion\/#breadcrumb"},"inLanguage":"es","potentialAction":[{"@type":"ReadAction","target":["https:\/\/adrenalina.space\/index.php\/2022\/10\/07\/blonde-en-el-limite-entre-la-realidad-y-la-ficcion\/"]}]},{"@type":"BreadcrumbList","@id":"https:\/\/adrenalina.space\/index.php\/2022\/10\/07\/blonde-en-el-limite-entre-la-realidad-y-la-ficcion\/#breadcrumb","itemListElement":[{"@type":"ListItem","position":1,"name":"Portada","item":"https:\/\/adrenalina.space\/"},{"@type":"ListItem","position":2,"name":"Blonde, en el l\u00edmite entre la realidad y la ficci\u00f3n."}]},{"@type":"WebSite","@id":"https:\/\/adrenalina.space\/#website","url":"https:\/\/adrenalina.space\/","name":"adrenalina","description":"Mentes ecl\u00e9cticas, gustos dispersos.","publisher":{"@id":"https:\/\/adrenalina.space\/#organization"},"potentialAction":[{"@type":"SearchAction","target":{"@type":"EntryPoint","urlTemplate":"https:\/\/adrenalina.space\/?s={search_term_string}"},"query-input":"required name=search_term_string"}],"inLanguage":"es"},{"@type":"Organization","@id":"https:\/\/adrenalina.space\/#organization","name":"Adrenalina Space","url":"https:\/\/adrenalina.space\/","logo":{"@type":"ImageObject","inLanguage":"es","@id":"https:\/\/adrenalina.space\/#\/schema\/logo\/image\/","url":"https:\/\/adrenalina.space\/wp-content\/uploads\/2021\/03\/Asset-1.png","contentUrl":"https:\/\/adrenalina.space\/wp-content\/uploads\/2021\/03\/Asset-1.png","width":403,"height":65,"caption":"Adrenalina Space"},"image":{"@id":"https:\/\/adrenalina.space\/#\/schema\/logo\/image\/"},"sameAs":["https:\/\/www.facebook.com\/Adrenalina-104069461705819"]},{"@type":"Person","@id":"https:\/\/adrenalina.space\/#\/schema\/person\/00d926b93045389ea2d55479157ded14","name":"Aisthesik","image":{"@type":"ImageObject","inLanguage":"es","@id":"https:\/\/adrenalina.space\/#\/schema\/person\/image\/","url":"https:\/\/adrenalina.space\/wp-content\/uploads\/2021\/06\/aisthesik-126x126.jpg","contentUrl":"https:\/\/adrenalina.space\/wp-content\/uploads\/2021\/06\/aisthesik-126x126.jpg","caption":"Aisthesik"},"description":"Curioso de las artes visuales.","sameAs":["https:\/\/www.instagram.com\/aisthesik\/"],"url":"https:\/\/adrenalina.space\/index.php\/author\/aisthesik\/"}]}},"_links":{"self":[{"href":"https:\/\/adrenalina.space\/index.php\/wp-json\/wp\/v2\/posts\/4632"}],"collection":[{"href":"https:\/\/adrenalina.space\/index.php\/wp-json\/wp\/v2\/posts"}],"about":[{"href":"https:\/\/adrenalina.space\/index.php\/wp-json\/wp\/v2\/types\/post"}],"author":[{"embeddable":true,"href":"https:\/\/adrenalina.space\/index.php\/wp-json\/wp\/v2\/users\/5"}],"replies":[{"embeddable":true,"href":"https:\/\/adrenalina.space\/index.php\/wp-json\/wp\/v2\/comments?post=4632"}],"version-history":[{"count":3,"href":"https:\/\/adrenalina.space\/index.php\/wp-json\/wp\/v2\/posts\/4632\/revisions"}],"predecessor-version":[{"id":4647,"href":"https:\/\/adrenalina.space\/index.php\/wp-json\/wp\/v2\/posts\/4632\/revisions\/4647"}],"wp:featuredmedia":[{"embeddable":true,"href":"https:\/\/adrenalina.space\/index.php\/wp-json\/wp\/v2\/media\/4636"}],"wp:attachment":[{"href":"https:\/\/adrenalina.space\/index.php\/wp-json\/wp\/v2\/media?parent=4632"}],"wp:term":[{"taxonomy":"category","embeddable":true,"href":"https:\/\/adrenalina.space\/index.php\/wp-json\/wp\/v2\/categories?post=4632"},{"taxonomy":"post_tag","embeddable":true,"href":"https:\/\/adrenalina.space\/index.php\/wp-json\/wp\/v2\/tags?post=4632"}],"curies":[{"name":"wp","href":"https:\/\/api.w.org\/{rel}","templated":true}]}}