{"id":518,"date":"2021-02-09T04:23:36","date_gmt":"2021-02-09T04:23:36","guid":{"rendered":"https:\/\/adrenalina.space\/?p=518"},"modified":"2021-06-22T20:44:05","modified_gmt":"2021-06-22T20:44:05","slug":"la-bicicleta-en-tiempos-de-pandemia","status":"publish","type":"post","link":"https:\/\/adrenalina.space\/index.php\/2021\/02\/09\/la-bicicleta-en-tiempos-de-pandemia\/","title":{"rendered":"la bicicleta en tiempos de pandemia"},"content":{"rendered":"\n<p class=\"has-text-align-left\"><\/p>\n\n\n\n<figure class=\"wp-block-image size-large\"><img decoding=\"async\" loading=\"lazy\" width=\"990\" height=\"557\" src=\"https:\/\/adrenalina.space\/wp-content\/uploads\/2021\/02\/15878298877460.png\" alt=\"\" class=\"wp-image-558\" srcset=\"https:\/\/adrenalina.space\/wp-content\/uploads\/2021\/02\/15878298877460.png 990w, https:\/\/adrenalina.space\/wp-content\/uploads\/2021\/02\/15878298877460-300x169.png 300w, https:\/\/adrenalina.space\/wp-content\/uploads\/2021\/02\/15878298877460-768x432.png 768w, https:\/\/adrenalina.space\/wp-content\/uploads\/2021\/02\/15878298877460-613x345.png 613w\" sizes=\"(max-width: 990px) 100vw, 990px\" \/><\/figure>\n\n\n\n<p>Es una realidad que la <strong>bicicleta<\/strong> est\u00e1 teniendo un auge en esta <strong>pandemia<\/strong> y se volvi\u00f3 el medio m\u00e1s seguro de <strong>transporte<\/strong> y movilidad ante esta <strong>nueva realidad.<\/strong><\/p>\n\n\n\n<p class=\"has-text-align-left\">El aumento de usuarios de bicicletas en esta pandemia a nivel mundial y en especial en ciudades grandes como la <strong>ciudad de M\u00e9xico<\/strong>. Trae consigo muchos temas y retos para el futuro y la <strong>planeaci\u00f3n urbana<\/strong>.<\/p>\n\n\n\n<p class=\"has-text-align-left\">Es un hecho que ante <strong>covid 19<\/strong> la bicicleta resulta ser el medio de transporte mas confiable debido a que se asegura la sana distancia, a diferencia de el transporte publico como el <strong>Metro o<\/strong> <strong>Metrobus.<\/strong><\/p>\n\n\n\n<p class=\"has-text-align-left\">El aumento de usuarios de la bicicleta trae consigo el aumento de <strong>accidentes entre ciclistas y automovilistas<\/strong>,  por lo que  deben tomarse medidas inmediatas de <strong>protecci\u00f3n al ciclista <\/strong>y redise\u00f1o de las vialidades para hacerlas mas seguras y aptas, para todos los que han decido tomar la <strong>bicicleta<\/strong> como su principal <strong>medio de transporte y ejercicio. <\/strong> <\/p>\n","protected":false},"excerpt":{"rendered":"<p>Es una realidad que la bicicleta est\u00e1 teniendo un auge en esta pandemia y se volvi\u00f3 el medio m\u00e1s seguro de transporte y movilidad ante esta nueva&#8230;<\/p>\n","protected":false},"author":4,"featured_media":541,"comment_status":"open","ping_status":"open","sticky":false,"template":"","format":"standard","meta":[],"categories":[3],"tags":[],"yoast_head":"<!-- This site is optimized with the Yoast SEO plugin v21.8.1 - https:\/\/yoast.com\/wordpress\/plugins\/seo\/ -->\n<title>la bicicleta en tiempos de pandemia : adrenalina<\/title>\n<meta name=\"robots\" content=\"index, follow, max-snippet:-1, max-image-preview:large, max-video-preview:-1\" \/>\n<link rel=\"canonical\" href=\"https:\/\/adrenalina.space\/index.php\/2021\/02\/09\/la-bicicleta-en-tiempos-de-pandemia\/\" \/>\n<meta property=\"og:locale\" content=\"es_ES\" \/>\n<meta property=\"og:type\" content=\"article\" \/>\n<meta property=\"og:title\" content=\"la bicicleta en tiempos de pandemia : adrenalina\" \/>\n<meta property=\"og:description\" content=\"Es una realidad que la bicicleta est\u00e1 teniendo un auge en esta pandemia y se volvi\u00f3 el medio m\u00e1s seguro de transporte y movilidad ante esta nueva...\" \/>\n<meta property=\"og:url\" content=\"https:\/\/adrenalina.space\/index.php\/2021\/02\/09\/la-bicicleta-en-tiempos-de-pandemia\/\" \/>\n<meta property=\"og:site_name\" content=\"adrenalina\" \/>\n<meta property=\"article:publisher\" content=\"https:\/\/www.facebook.com\/Adrenalina-104069461705819\" \/>\n<meta property=\"article:published_time\" content=\"2021-02-09T04:23:36+00:00\" \/>\n<meta property=\"article:modified_time\" content=\"2021-06-22T20:44:05+00:00\" \/>\n<meta property=\"og:image\" content=\"https:\/\/adrenalina.space\/wp-content\/uploads\/2021\/02\/ciclismo-urbano-no-es-moda-00.png\" \/>\n\t<meta property=\"og:image:width\" content=\"940\" \/>\n\t<meta property=\"og:image:height\" content=\"364\" \/>\n\t<meta property=\"og:image:type\" content=\"image\/png\" \/>\n<meta name=\"author\" content=\"Un toque de rock\" \/>\n<meta name=\"twitter:card\" content=\"summary_large_image\" \/>\n<meta name=\"twitter:label1\" content=\"Escrito por\" \/>\n\t<meta name=\"twitter:data1\" content=\"Un toque de rock\" \/>\n\t<meta name=\"twitter:label2\" content=\"Tiempo de lectura\" \/>\n\t<meta name=\"twitter:data2\" content=\"1 minuto\" \/>\n<script type=\"application\/ld+json\" class=\"yoast-schema-graph\">{\"@context\":\"https:\/\/schema.org\",\"@graph\":[{\"@type\":\"Article\",\"@id\":\"https:\/\/adrenalina.space\/index.php\/2021\/02\/09\/la-bicicleta-en-tiempos-de-pandemia\/#article\",\"isPartOf\":{\"@id\":\"https:\/\/adrenalina.space\/index.php\/2021\/02\/09\/la-bicicleta-en-tiempos-de-pandemia\/\"},\"author\":{\"name\":\"Un toque de rock\",\"@id\":\"https:\/\/adrenalina.space\/#\/schema\/person\/255c5bbd22b01fa9c2cad2e861b0695d\"},\"headline\":\"la bicicleta en tiempos de pandemia\",\"datePublished\":\"2021-02-09T04:23:36+00:00\",\"dateModified\":\"2021-06-22T20:44:05+00:00\",\"mainEntityOfPage\":{\"@id\":\"https:\/\/adrenalina.space\/index.php\/2021\/02\/09\/la-bicicleta-en-tiempos-de-pandemia\/\"},\"wordCount\":166,\"commentCount\":0,\"publisher\":{\"@id\":\"https:\/\/adrenalina.space\/#organization\"},\"articleSection\":[\"Lifestyle\"],\"inLanguage\":\"es\",\"potentialAction\":[{\"@type\":\"CommentAction\",\"name\":\"Comment\",\"target\":[\"https:\/\/adrenalina.space\/index.php\/2021\/02\/09\/la-bicicleta-en-tiempos-de-pandemia\/#respond\"]}]},{\"@type\":\"WebPage\",\"@id\":\"https:\/\/adrenalina.space\/index.php\/2021\/02\/09\/la-bicicleta-en-tiempos-de-pandemia\/\",\"url\":\"https:\/\/adrenalina.space\/index.php\/2021\/02\/09\/la-bicicleta-en-tiempos-de-pandemia\/\",\"name\":\"la bicicleta en tiempos de pandemia : adrenalina\",\"isPartOf\":{\"@id\":\"https:\/\/adrenalina.space\/#website\"},\"datePublished\":\"2021-02-09T04:23:36+00:00\",\"dateModified\":\"2021-06-22T20:44:05+00:00\",\"breadcrumb\":{\"@id\":\"https:\/\/adrenalina.space\/index.php\/2021\/02\/09\/la-bicicleta-en-tiempos-de-pandemia\/#breadcrumb\"},\"inLanguage\":\"es\",\"potentialAction\":[{\"@type\":\"ReadAction\",\"target\":[\"https:\/\/adrenalina.space\/index.php\/2021\/02\/09\/la-bicicleta-en-tiempos-de-pandemia\/\"]}]},{\"@type\":\"BreadcrumbList\",\"@id\":\"https:\/\/adrenalina.space\/index.php\/2021\/02\/09\/la-bicicleta-en-tiempos-de-pandemia\/#breadcrumb\",\"itemListElement\":[{\"@type\":\"ListItem\",\"position\":1,\"name\":\"Portada\",\"item\":\"https:\/\/adrenalina.space\/\"},{\"@type\":\"ListItem\",\"position\":2,\"name\":\"la bicicleta en tiempos de pandemia\"}]},{\"@type\":\"WebSite\",\"@id\":\"https:\/\/adrenalina.space\/#website\",\"url\":\"https:\/\/adrenalina.space\/\",\"name\":\"adrenalina\",\"description\":\"Mentes ecl\u00e9cticas, gustos dispersos.\",\"publisher\":{\"@id\":\"https:\/\/adrenalina.space\/#organization\"},\"potentialAction\":[{\"@type\":\"SearchAction\",\"target\":{\"@type\":\"EntryPoint\",\"urlTemplate\":\"https:\/\/adrenalina.space\/?s={search_term_string}\"},\"query-input\":\"required name=search_term_string\"}],\"inLanguage\":\"es\"},{\"@type\":\"Organization\",\"@id\":\"https:\/\/adrenalina.space\/#organization\",\"name\":\"Adrenalina Space\",\"url\":\"https:\/\/adrenalina.space\/\",\"logo\":{\"@type\":\"ImageObject\",\"inLanguage\":\"es\",\"@id\":\"https:\/\/adrenalina.space\/#\/schema\/logo\/image\/\",\"url\":\"https:\/\/adrenalina.space\/wp-content\/uploads\/2021\/03\/Asset-1.png\",\"contentUrl\":\"https:\/\/adrenalina.space\/wp-content\/uploads\/2021\/03\/Asset-1.png\",\"width\":403,\"height\":65,\"caption\":\"Adrenalina Space\"},\"image\":{\"@id\":\"https:\/\/adrenalina.space\/#\/schema\/logo\/image\/\"},\"sameAs\":[\"https:\/\/www.facebook.com\/Adrenalina-104069461705819\"]},{\"@type\":\"Person\",\"@id\":\"https:\/\/adrenalina.space\/#\/schema\/person\/255c5bbd22b01fa9c2cad2e861b0695d\",\"name\":\"Un toque de rock\",\"image\":{\"@type\":\"ImageObject\",\"inLanguage\":\"es\",\"@id\":\"https:\/\/adrenalina.space\/#\/schema\/person\/image\/\",\"url\":\"https:\/\/adrenalina.space\/wp-content\/uploads\/2021\/07\/61203977_10161929878565644_2049925308412329984_n-126x126.jpg\",\"contentUrl\":\"https:\/\/adrenalina.space\/wp-content\/uploads\/2021\/07\/61203977_10161929878565644_2049925308412329984_n-126x126.jpg\",\"caption\":\"Un toque de rock\"},\"url\":\"https:\/\/adrenalina.space\/index.php\/author\/un-toque-de-rock\/\"}]}<\/script>\n<!-- \/ Yoast SEO plugin. -->","yoast_head_json":{"title":"la bicicleta en tiempos de pandemia : adrenalina","robots":{"index":"index","follow":"follow","max-snippet":"max-snippet:-1","max-image-preview":"max-image-preview:large","max-video-preview":"max-video-preview:-1"},"canonical":"https:\/\/adrenalina.space\/index.php\/2021\/02\/09\/la-bicicleta-en-tiempos-de-pandemia\/","og_locale":"es_ES","og_type":"article","og_title":"la bicicleta en tiempos de pandemia : adrenalina","og_description":"Es una realidad que la bicicleta est\u00e1 teniendo un auge en esta pandemia y se volvi\u00f3 el medio m\u00e1s seguro de transporte y movilidad ante esta nueva...","og_url":"https:\/\/adrenalina.space\/index.php\/2021\/02\/09\/la-bicicleta-en-tiempos-de-pandemia\/","og_site_name":"adrenalina","article_publisher":"https:\/\/www.facebook.com\/Adrenalina-104069461705819","article_published_time":"2021-02-09T04:23:36+00:00","article_modified_time":"2021-06-22T20:44:05+00:00","og_image":[{"width":940,"height":364,"url":"https:\/\/adrenalina.space\/wp-content\/uploads\/2021\/02\/ciclismo-urbano-no-es-moda-00.png","type":"image\/png"}],"author":"Un toque de rock","twitter_card":"summary_large_image","twitter_misc":{"Escrito por":"Un toque de rock","Tiempo de lectura":"1 minuto"},"schema":{"@context":"https:\/\/schema.org","@graph":[{"@type":"Article","@id":"https:\/\/adrenalina.space\/index.php\/2021\/02\/09\/la-bicicleta-en-tiempos-de-pandemia\/#article","isPartOf":{"@id":"https:\/\/adrenalina.space\/index.php\/2021\/02\/09\/la-bicicleta-en-tiempos-de-pandemia\/"},"author":{"name":"Un toque de rock","@id":"https:\/\/adrenalina.space\/#\/schema\/person\/255c5bbd22b01fa9c2cad2e861b0695d"},"headline":"la bicicleta en tiempos de pandemia","datePublished":"2021-02-09T04:23:36+00:00","dateModified":"2021-06-22T20:44:05+00:00","mainEntityOfPage":{"@id":"https:\/\/adrenalina.space\/index.php\/2021\/02\/09\/la-bicicleta-en-tiempos-de-pandemia\/"},"wordCount":166,"commentCount":0,"publisher":{"@id":"https:\/\/adrenalina.space\/#organization"},"articleSection":["Lifestyle"],"inLanguage":"es","potentialAction":[{"@type":"CommentAction","name":"Comment","target":["https:\/\/adrenalina.space\/index.php\/2021\/02\/09\/la-bicicleta-en-tiempos-de-pandemia\/#respond"]}]},{"@type":"WebPage","@id":"https:\/\/adrenalina.space\/index.php\/2021\/02\/09\/la-bicicleta-en-tiempos-de-pandemia\/","url":"https:\/\/adrenalina.space\/index.php\/2021\/02\/09\/la-bicicleta-en-tiempos-de-pandemia\/","name":"la bicicleta en tiempos de pandemia : adrenalina","isPartOf":{"@id":"https:\/\/adrenalina.space\/#website"},"datePublished":"2021-02-09T04:23:36+00:00","dateModified":"2021-06-22T20:44:05+00:00","breadcrumb":{"@id":"https:\/\/adrenalina.space\/index.php\/2021\/02\/09\/la-bicicleta-en-tiempos-de-pandemia\/#breadcrumb"},"inLanguage":"es","potentialAction":[{"@type":"ReadAction","target":["https:\/\/adrenalina.space\/index.php\/2021\/02\/09\/la-bicicleta-en-tiempos-de-pandemia\/"]}]},{"@type":"BreadcrumbList","@id":"https:\/\/adrenalina.space\/index.php\/2021\/02\/09\/la-bicicleta-en-tiempos-de-pandemia\/#breadcrumb","itemListElement":[{"@type":"ListItem","position":1,"name":"Portada","item":"https:\/\/adrenalina.space\/"},{"@type":"ListItem","position":2,"name":"la bicicleta en tiempos de pandemia"}]},{"@type":"WebSite","@id":"https:\/\/adrenalina.space\/#website","url":"https:\/\/adrenalina.space\/","name":"adrenalina","description":"Mentes ecl\u00e9cticas, gustos dispersos.","publisher":{"@id":"https:\/\/adrenalina.space\/#organization"},"potentialAction":[{"@type":"SearchAction","target":{"@type":"EntryPoint","urlTemplate":"https:\/\/adrenalina.space\/?s={search_term_string}"},"query-input":"required name=search_term_string"}],"inLanguage":"es"},{"@type":"Organization","@id":"https:\/\/adrenalina.space\/#organization","name":"Adrenalina Space","url":"https:\/\/adrenalina.space\/","logo":{"@type":"ImageObject","inLanguage":"es","@id":"https:\/\/adrenalina.space\/#\/schema\/logo\/image\/","url":"https:\/\/adrenalina.space\/wp-content\/uploads\/2021\/03\/Asset-1.png","contentUrl":"https:\/\/adrenalina.space\/wp-content\/uploads\/2021\/03\/Asset-1.png","width":403,"height":65,"caption":"Adrenalina Space"},"image":{"@id":"https:\/\/adrenalina.space\/#\/schema\/logo\/image\/"},"sameAs":["https:\/\/www.facebook.com\/Adrenalina-104069461705819"]},{"@type":"Person","@id":"https:\/\/adrenalina.space\/#\/schema\/person\/255c5bbd22b01fa9c2cad2e861b0695d","name":"Un toque de rock","image":{"@type":"ImageObject","inLanguage":"es","@id":"https:\/\/adrenalina.space\/#\/schema\/person\/image\/","url":"https:\/\/adrenalina.space\/wp-content\/uploads\/2021\/07\/61203977_10161929878565644_2049925308412329984_n-126x126.jpg","contentUrl":"https:\/\/adrenalina.space\/wp-content\/uploads\/2021\/07\/61203977_10161929878565644_2049925308412329984_n-126x126.jpg","caption":"Un toque de rock"},"url":"https:\/\/adrenalina.space\/index.php\/author\/un-toque-de-rock\/"}]}},"_links":{"self":[{"href":"https:\/\/adrenalina.space\/index.php\/wp-json\/wp\/v2\/posts\/518"}],"collection":[{"href":"https:\/\/adrenalina.space\/index.php\/wp-json\/wp\/v2\/posts"}],"about":[{"href":"https:\/\/adrenalina.space\/index.php\/wp-json\/wp\/v2\/types\/post"}],"author":[{"embeddable":true,"href":"https:\/\/adrenalina.space\/index.php\/wp-json\/wp\/v2\/users\/4"}],"replies":[{"embeddable":true,"href":"https:\/\/adrenalina.space\/index.php\/wp-json\/wp\/v2\/comments?post=518"}],"version-history":[{"count":19,"href":"https:\/\/adrenalina.space\/index.php\/wp-json\/wp\/v2\/posts\/518\/revisions"}],"predecessor-version":[{"id":1464,"href":"https:\/\/adrenalina.space\/index.php\/wp-json\/wp\/v2\/posts\/518\/revisions\/1464"}],"wp:featuredmedia":[{"embeddable":true,"href":"https:\/\/adrenalina.space\/index.php\/wp-json\/wp\/v2\/media\/541"}],"wp:attachment":[{"href":"https:\/\/adrenalina.space\/index.php\/wp-json\/wp\/v2\/media?parent=518"}],"wp:term":[{"taxonomy":"category","embeddable":true,"href":"https:\/\/adrenalina.space\/index.php\/wp-json\/wp\/v2\/categories?post=518"},{"taxonomy":"post_tag","embeddable":true,"href":"https:\/\/adrenalina.space\/index.php\/wp-json\/wp\/v2\/tags?post=518"}],"curies":[{"name":"wp","href":"https:\/\/api.w.org\/{rel}","templated":true}]}}