{"id":5566,"date":"2023-05-17T02:19:37","date_gmt":"2023-05-17T02:19:37","guid":{"rendered":"https:\/\/adrenalina.space\/?p=5566"},"modified":"2023-05-17T03:23:14","modified_gmt":"2023-05-17T03:23:14","slug":"paul-dianno-es-el-primer-vocalista-de-iron-maiden-y-se-acaban-de-confirmar-dos-fechas-mas-para-mexico-en-las-ciudades-de-puebla-y-cuernavaca","status":"publish","type":"post","link":"https:\/\/adrenalina.space\/index.php\/2023\/05\/17\/paul-dianno-es-el-primer-vocalista-de-iron-maiden-y-se-acaban-de-confirmar-dos-fechas-mas-para-mexico-en-las-ciudades-de-puebla-y-cuernavaca\/","title":{"rendered":"Paul Dianno, primer vocalista de Iron Maiden, acaba de confirmar dos fechas m\u00e1s para M\u00e9xico, en las ciudades de Puebla y Cuernavaca."},"content":{"rendered":"\n<p>Despues de una extensa gira por Latino Am\u00e9rica este 2023, <strong>Paul Dianno<\/strong> nos sorprende nuevamente con  la noticia de su regreso a <strong>M\u00e9xico<\/strong>, y exclusivamente a la ciudad de Puebla y Cuernavaca.<\/p>\n\n\n<div class=\"wp-block-image\">\n<figure class=\"aligncenter size-full is-resized\"><img decoding=\"async\" loading=\"lazy\" src=\"https:\/\/adrenalina.space\/wp-content\/uploads\/2023\/05\/Paul-Di-Anno-2022.jpg\" alt=\"\" class=\"wp-image-5583\" width=\"660\" height=\"440\" srcset=\"https:\/\/adrenalina.space\/wp-content\/uploads\/2023\/05\/Paul-Di-Anno-2022.jpg 900w, https:\/\/adrenalina.space\/wp-content\/uploads\/2023\/05\/Paul-Di-Anno-2022-300x200.jpg 300w, https:\/\/adrenalina.space\/wp-content\/uploads\/2023\/05\/Paul-Di-Anno-2022-768x512.jpg 768w, https:\/\/adrenalina.space\/wp-content\/uploads\/2023\/05\/Paul-Di-Anno-2022-613x409.jpg 613w\" sizes=\"(max-width: 660px) 100vw, 660px\" \/><\/figure><\/div>\n\n\n<p><\/p>\n\n\n\n<p>Hablar de <strong>Paul Dianno<\/strong>, es referirnos a un personaje que es parte fundamental de la historia del<strong> Heavy<\/strong> <strong>Metal<\/strong>, en realidad tuvo una carrera corta, pero a final de cuentas fue parte fundamental en los inicios de <strong>La Doncella de Hierro<\/strong>, y hasta el d\u00eda de hoy los metaleros de hueso colorado atesoran esos &nbsp;dos primeros discos de la banda <strong>\u201cIron Maiden\u201d y \u201cKillers\u00bb.<\/strong><\/p>\n\n\n\n<p><\/p>\n\n\n<div class=\"wp-block-image\">\n<figure class=\"aligncenter size-full is-resized\"><img decoding=\"async\" loading=\"lazy\" src=\"https:\/\/adrenalina.space\/wp-content\/uploads\/2023\/05\/347427105_786581626145907_8381040471075341937_n.jpg\" alt=\"\" class=\"wp-image-5567\" width=\"458\" height=\"571\" srcset=\"https:\/\/adrenalina.space\/wp-content\/uploads\/2023\/05\/347427105_786581626145907_8381040471075341937_n.jpg 769w, https:\/\/adrenalina.space\/wp-content\/uploads\/2023\/05\/347427105_786581626145907_8381040471075341937_n-240x300.jpg 240w, https:\/\/adrenalina.space\/wp-content\/uploads\/2023\/05\/347427105_786581626145907_8381040471075341937_n-613x765.jpg 613w\" sizes=\"(max-width: 458px) 100vw, 458px\" \/><\/figure><\/div>\n\n<div class=\"wp-block-image\">\n<figure class=\"aligncenter size-full\"><img decoding=\"async\" loading=\"lazy\" width=\"480\" height=\"599\" src=\"https:\/\/adrenalina.space\/wp-content\/uploads\/2023\/05\/347546698_1919374248429895_8295615668513480804_n.jpg\" alt=\"\" class=\"wp-image-5568\" srcset=\"https:\/\/adrenalina.space\/wp-content\/uploads\/2023\/05\/347546698_1919374248429895_8295615668513480804_n.jpg 480w, https:\/\/adrenalina.space\/wp-content\/uploads\/2023\/05\/347546698_1919374248429895_8295615668513480804_n-240x300.jpg 240w\" sizes=\"(max-width: 480px) 100vw, 480px\" \/><\/figure><\/div>\n\n\n<p>No podemos borrar de la historia del <strong>Metal<\/strong> a este vocalista energ\u00e9tico que parec\u00eda haber salido de las cloacas del Punk m\u00e1s duras y violentas de Inglaterra.<\/p>\n\n\n\n<figure class=\"wp-block-embed is-type-video is-provider-youtube wp-block-embed-youtube wp-embed-aspect-4-3 wp-has-aspect-ratio\"><div class=\"wp-block-embed__wrapper\">\n<iframe loading=\"lazy\" title=\"Iron Maiden Killers live 1980(Paul Di&#039;Anno)\" width=\"711\" height=\"533\" src=\"https:\/\/www.youtube.com\/embed\/2i3mRc-ufUI?feature=oembed\" frameborder=\"0\" allow=\"accelerometer; autoplay; clipboard-write; encrypted-media; gyroscope; picture-in-picture; web-share\" allowfullscreen><\/iframe>\n<\/div><\/figure>\n\n\n\n<p>No es el mejor momento de <strong>Paul Dianno<\/strong> debido a problemas de salud, pero sin duda hacer una gira tan extensa como la que hizo este <strong>2023<\/strong>, nos habla de que es un guerrero y que todav\u00eda hay suficiente <strong>Rock<\/strong> en sus venas.<\/p>\n\n\n\n<figure class=\"wp-block-embed is-type-video is-provider-youtube wp-block-embed-youtube wp-embed-aspect-16-9 wp-has-aspect-ratio\"><div class=\"wp-block-embed__wrapper\">\n<iframe loading=\"lazy\" title=\"Paul Dianno full concierto santiago de chile subterraneo 23\" width=\"711\" height=\"400\" src=\"https:\/\/www.youtube.com\/embed\/ko84VLNC2WQ?feature=oembed\" frameborder=\"0\" allow=\"accelerometer; autoplay; clipboard-write; encrypted-media; gyroscope; picture-in-picture; web-share\" allowfullscreen><\/iframe>\n<\/div><\/figure>\n\n\n\n<p>No se pierdan la oportunidad de presenciar el show de esta leyenda viva , y sobre todo por que muchos metaleros nunca imaginamos poder llegar a escuchar en vivo canci\u00f3nes como <strong>\u201cPhantom of the<\/strong> <strong>Opera\u00bb y \u201cTransilvania\u00bb<\/strong>.<\/p>\n\n\n\n<p>Cabe se\u00f1alar que estos dos conciertos se siguen considerando parte de su gira <strong>\u00abThe Beast Resurrection Beast\u00bb<\/strong>.<\/p>\n\n\n<div class=\"wp-block-image\">\n<figure class=\"aligncenter size-full\"><img decoding=\"async\" loading=\"lazy\" width=\"449\" height=\"720\" src=\"https:\/\/adrenalina.space\/wp-content\/uploads\/2023\/05\/paul-dianno-gira-2023-latinoamerica-afiche-449x720-1.jpg\" alt=\"\" class=\"wp-image-5575\" srcset=\"https:\/\/adrenalina.space\/wp-content\/uploads\/2023\/05\/paul-dianno-gira-2023-latinoamerica-afiche-449x720-1.jpg 449w, https:\/\/adrenalina.space\/wp-content\/uploads\/2023\/05\/paul-dianno-gira-2023-latinoamerica-afiche-449x720-1-187x300.jpg 187w\" sizes=\"(max-width: 449px) 100vw, 449px\" \/><\/figure><\/div>\n\n\n<p><\/p>\n\n\n\n<p><\/p>\n\n\n\n<p><\/p>\n","protected":false},"excerpt":{"rendered":"<p>Despues de una extensa gira por Latino Am\u00e9rica este 2023, Paul Dianno nos sorprende nuevamente con la noticia de su regreso a M\u00e9xico, y exclusivamente a la&#8230;<\/p>\n","protected":false},"author":4,"featured_media":5569,"comment_status":"closed","ping_status":"open","sticky":false,"template":"","format":"standard","meta":[],"categories":[5],"tags":[],"yoast_head":"<!-- This site is optimized with the Yoast SEO plugin v21.8.1 - https:\/\/yoast.com\/wordpress\/plugins\/seo\/ -->\n<title>Paul Dianno, primer vocalista de Iron Maiden, acaba de confirmar dos fechas m\u00e1s para M\u00e9xico, en las ciudades de Puebla y Cuernavaca. : adrenalina<\/title>\n<meta name=\"robots\" content=\"index, follow, max-snippet:-1, max-image-preview:large, max-video-preview:-1\" \/>\n<link rel=\"canonical\" href=\"https:\/\/adrenalina.space\/index.php\/2023\/05\/17\/paul-dianno-es-el-primer-vocalista-de-iron-maiden-y-se-acaban-de-confirmar-dos-fechas-mas-para-mexico-en-las-ciudades-de-puebla-y-cuernavaca\/\" \/>\n<meta property=\"og:locale\" content=\"es_ES\" \/>\n<meta property=\"og:type\" content=\"article\" \/>\n<meta property=\"og:title\" content=\"Paul Dianno, primer vocalista de Iron Maiden, acaba de confirmar dos fechas m\u00e1s para M\u00e9xico, en las ciudades de Puebla y Cuernavaca. : adrenalina\" \/>\n<meta property=\"og:description\" content=\"Despues de una extensa gira por Latino Am\u00e9rica este 2023, Paul Dianno nos sorprende nuevamente con la noticia de su regreso a M\u00e9xico, y exclusivamente a la...\" \/>\n<meta property=\"og:url\" content=\"https:\/\/adrenalina.space\/index.php\/2023\/05\/17\/paul-dianno-es-el-primer-vocalista-de-iron-maiden-y-se-acaban-de-confirmar-dos-fechas-mas-para-mexico-en-las-ciudades-de-puebla-y-cuernavaca\/\" \/>\n<meta property=\"og:site_name\" content=\"adrenalina\" \/>\n<meta property=\"article:publisher\" content=\"https:\/\/www.facebook.com\/Adrenalina-104069461705819\" \/>\n<meta property=\"article:published_time\" content=\"2023-05-17T02:19:37+00:00\" \/>\n<meta property=\"article:modified_time\" content=\"2023-05-17T03:23:14+00:00\" \/>\n<meta property=\"og:image\" content=\"https:\/\/adrenalina.space\/wp-content\/uploads\/2023\/05\/descarga-31.jpg\" \/>\n\t<meta property=\"og:image:width\" content=\"275\" \/>\n\t<meta property=\"og:image:height\" content=\"183\" \/>\n\t<meta property=\"og:image:type\" content=\"image\/jpeg\" \/>\n<meta name=\"author\" content=\"Un toque de rock\" \/>\n<meta name=\"twitter:card\" content=\"summary_large_image\" \/>\n<meta name=\"twitter:label1\" content=\"Escrito por\" \/>\n\t<meta name=\"twitter:data1\" content=\"Un toque de rock\" \/>\n\t<meta name=\"twitter:label2\" content=\"Tiempo de lectura\" \/>\n\t<meta name=\"twitter:data2\" content=\"2 minutos\" \/>\n<script type=\"application\/ld+json\" class=\"yoast-schema-graph\">{\"@context\":\"https:\/\/schema.org\",\"@graph\":[{\"@type\":\"Article\",\"@id\":\"https:\/\/adrenalina.space\/index.php\/2023\/05\/17\/paul-dianno-es-el-primer-vocalista-de-iron-maiden-y-se-acaban-de-confirmar-dos-fechas-mas-para-mexico-en-las-ciudades-de-puebla-y-cuernavaca\/#article\",\"isPartOf\":{\"@id\":\"https:\/\/adrenalina.space\/index.php\/2023\/05\/17\/paul-dianno-es-el-primer-vocalista-de-iron-maiden-y-se-acaban-de-confirmar-dos-fechas-mas-para-mexico-en-las-ciudades-de-puebla-y-cuernavaca\/\"},\"author\":{\"name\":\"Un toque de rock\",\"@id\":\"https:\/\/adrenalina.space\/#\/schema\/person\/255c5bbd22b01fa9c2cad2e861b0695d\"},\"headline\":\"Paul Dianno, primer vocalista de Iron Maiden, acaba de confirmar dos fechas m\u00e1s para M\u00e9xico, en las ciudades de Puebla y Cuernavaca.\",\"datePublished\":\"2023-05-17T02:19:37+00:00\",\"dateModified\":\"2023-05-17T03:23:14+00:00\",\"mainEntityOfPage\":{\"@id\":\"https:\/\/adrenalina.space\/index.php\/2023\/05\/17\/paul-dianno-es-el-primer-vocalista-de-iron-maiden-y-se-acaban-de-confirmar-dos-fechas-mas-para-mexico-en-las-ciudades-de-puebla-y-cuernavaca\/\"},\"wordCount\":268,\"publisher\":{\"@id\":\"https:\/\/adrenalina.space\/#organization\"},\"articleSection\":[\"M\u00fasica\"],\"inLanguage\":\"es\"},{\"@type\":\"WebPage\",\"@id\":\"https:\/\/adrenalina.space\/index.php\/2023\/05\/17\/paul-dianno-es-el-primer-vocalista-de-iron-maiden-y-se-acaban-de-confirmar-dos-fechas-mas-para-mexico-en-las-ciudades-de-puebla-y-cuernavaca\/\",\"url\":\"https:\/\/adrenalina.space\/index.php\/2023\/05\/17\/paul-dianno-es-el-primer-vocalista-de-iron-maiden-y-se-acaban-de-confirmar-dos-fechas-mas-para-mexico-en-las-ciudades-de-puebla-y-cuernavaca\/\",\"name\":\"Paul Dianno, primer vocalista de Iron Maiden, acaba de confirmar dos fechas m\u00e1s para M\u00e9xico, en las ciudades de Puebla y Cuernavaca. : adrenalina\",\"isPartOf\":{\"@id\":\"https:\/\/adrenalina.space\/#website\"},\"datePublished\":\"2023-05-17T02:19:37+00:00\",\"dateModified\":\"2023-05-17T03:23:14+00:00\",\"breadcrumb\":{\"@id\":\"https:\/\/adrenalina.space\/index.php\/2023\/05\/17\/paul-dianno-es-el-primer-vocalista-de-iron-maiden-y-se-acaban-de-confirmar-dos-fechas-mas-para-mexico-en-las-ciudades-de-puebla-y-cuernavaca\/#breadcrumb\"},\"inLanguage\":\"es\",\"potentialAction\":[{\"@type\":\"ReadAction\",\"target\":[\"https:\/\/adrenalina.space\/index.php\/2023\/05\/17\/paul-dianno-es-el-primer-vocalista-de-iron-maiden-y-se-acaban-de-confirmar-dos-fechas-mas-para-mexico-en-las-ciudades-de-puebla-y-cuernavaca\/\"]}]},{\"@type\":\"BreadcrumbList\",\"@id\":\"https:\/\/adrenalina.space\/index.php\/2023\/05\/17\/paul-dianno-es-el-primer-vocalista-de-iron-maiden-y-se-acaban-de-confirmar-dos-fechas-mas-para-mexico-en-las-ciudades-de-puebla-y-cuernavaca\/#breadcrumb\",\"itemListElement\":[{\"@type\":\"ListItem\",\"position\":1,\"name\":\"Portada\",\"item\":\"https:\/\/adrenalina.space\/\"},{\"@type\":\"ListItem\",\"position\":2,\"name\":\"Paul Dianno, primer vocalista de Iron Maiden, acaba de confirmar dos fechas m\u00e1s para M\u00e9xico, en las ciudades de Puebla y Cuernavaca.\"}]},{\"@type\":\"WebSite\",\"@id\":\"https:\/\/adrenalina.space\/#website\",\"url\":\"https:\/\/adrenalina.space\/\",\"name\":\"adrenalina\",\"description\":\"Mentes ecl\u00e9cticas, gustos dispersos.\",\"publisher\":{\"@id\":\"https:\/\/adrenalina.space\/#organization\"},\"potentialAction\":[{\"@type\":\"SearchAction\",\"target\":{\"@type\":\"EntryPoint\",\"urlTemplate\":\"https:\/\/adrenalina.space\/?s={search_term_string}\"},\"query-input\":\"required name=search_term_string\"}],\"inLanguage\":\"es\"},{\"@type\":\"Organization\",\"@id\":\"https:\/\/adrenalina.space\/#organization\",\"name\":\"Adrenalina Space\",\"url\":\"https:\/\/adrenalina.space\/\",\"logo\":{\"@type\":\"ImageObject\",\"inLanguage\":\"es\",\"@id\":\"https:\/\/adrenalina.space\/#\/schema\/logo\/image\/\",\"url\":\"https:\/\/adrenalina.space\/wp-content\/uploads\/2021\/03\/Asset-1.png\",\"contentUrl\":\"https:\/\/adrenalina.space\/wp-content\/uploads\/2021\/03\/Asset-1.png\",\"width\":403,\"height\":65,\"caption\":\"Adrenalina Space\"},\"image\":{\"@id\":\"https:\/\/adrenalina.space\/#\/schema\/logo\/image\/\"},\"sameAs\":[\"https:\/\/www.facebook.com\/Adrenalina-104069461705819\"]},{\"@type\":\"Person\",\"@id\":\"https:\/\/adrenalina.space\/#\/schema\/person\/255c5bbd22b01fa9c2cad2e861b0695d\",\"name\":\"Un toque de rock\",\"image\":{\"@type\":\"ImageObject\",\"inLanguage\":\"es\",\"@id\":\"https:\/\/adrenalina.space\/#\/schema\/person\/image\/\",\"url\":\"https:\/\/adrenalina.space\/wp-content\/uploads\/2021\/07\/61203977_10161929878565644_2049925308412329984_n-126x126.jpg\",\"contentUrl\":\"https:\/\/adrenalina.space\/wp-content\/uploads\/2021\/07\/61203977_10161929878565644_2049925308412329984_n-126x126.jpg\",\"caption\":\"Un toque de rock\"},\"url\":\"https:\/\/adrenalina.space\/index.php\/author\/un-toque-de-rock\/\"}]}<\/script>\n<!-- \/ Yoast SEO plugin. -->","yoast_head_json":{"title":"Paul Dianno, primer vocalista de Iron Maiden, acaba de confirmar dos fechas m\u00e1s para M\u00e9xico, en las ciudades de Puebla y Cuernavaca. : adrenalina","robots":{"index":"index","follow":"follow","max-snippet":"max-snippet:-1","max-image-preview":"max-image-preview:large","max-video-preview":"max-video-preview:-1"},"canonical":"https:\/\/adrenalina.space\/index.php\/2023\/05\/17\/paul-dianno-es-el-primer-vocalista-de-iron-maiden-y-se-acaban-de-confirmar-dos-fechas-mas-para-mexico-en-las-ciudades-de-puebla-y-cuernavaca\/","og_locale":"es_ES","og_type":"article","og_title":"Paul Dianno, primer vocalista de Iron Maiden, acaba de confirmar dos fechas m\u00e1s para M\u00e9xico, en las ciudades de Puebla y Cuernavaca. : adrenalina","og_description":"Despues de una extensa gira por Latino Am\u00e9rica este 2023, Paul Dianno nos sorprende nuevamente con la noticia de su regreso a M\u00e9xico, y exclusivamente a la...","og_url":"https:\/\/adrenalina.space\/index.php\/2023\/05\/17\/paul-dianno-es-el-primer-vocalista-de-iron-maiden-y-se-acaban-de-confirmar-dos-fechas-mas-para-mexico-en-las-ciudades-de-puebla-y-cuernavaca\/","og_site_name":"adrenalina","article_publisher":"https:\/\/www.facebook.com\/Adrenalina-104069461705819","article_published_time":"2023-05-17T02:19:37+00:00","article_modified_time":"2023-05-17T03:23:14+00:00","og_image":[{"width":275,"height":183,"url":"https:\/\/adrenalina.space\/wp-content\/uploads\/2023\/05\/descarga-31.jpg","type":"image\/jpeg"}],"author":"Un toque de rock","twitter_card":"summary_large_image","twitter_misc":{"Escrito por":"Un toque de rock","Tiempo de lectura":"2 minutos"},"schema":{"@context":"https:\/\/schema.org","@graph":[{"@type":"Article","@id":"https:\/\/adrenalina.space\/index.php\/2023\/05\/17\/paul-dianno-es-el-primer-vocalista-de-iron-maiden-y-se-acaban-de-confirmar-dos-fechas-mas-para-mexico-en-las-ciudades-de-puebla-y-cuernavaca\/#article","isPartOf":{"@id":"https:\/\/adrenalina.space\/index.php\/2023\/05\/17\/paul-dianno-es-el-primer-vocalista-de-iron-maiden-y-se-acaban-de-confirmar-dos-fechas-mas-para-mexico-en-las-ciudades-de-puebla-y-cuernavaca\/"},"author":{"name":"Un toque de rock","@id":"https:\/\/adrenalina.space\/#\/schema\/person\/255c5bbd22b01fa9c2cad2e861b0695d"},"headline":"Paul Dianno, primer vocalista de Iron Maiden, acaba de confirmar dos fechas m\u00e1s para M\u00e9xico, en las ciudades de Puebla y Cuernavaca.","datePublished":"2023-05-17T02:19:37+00:00","dateModified":"2023-05-17T03:23:14+00:00","mainEntityOfPage":{"@id":"https:\/\/adrenalina.space\/index.php\/2023\/05\/17\/paul-dianno-es-el-primer-vocalista-de-iron-maiden-y-se-acaban-de-confirmar-dos-fechas-mas-para-mexico-en-las-ciudades-de-puebla-y-cuernavaca\/"},"wordCount":268,"publisher":{"@id":"https:\/\/adrenalina.space\/#organization"},"articleSection":["M\u00fasica"],"inLanguage":"es"},{"@type":"WebPage","@id":"https:\/\/adrenalina.space\/index.php\/2023\/05\/17\/paul-dianno-es-el-primer-vocalista-de-iron-maiden-y-se-acaban-de-confirmar-dos-fechas-mas-para-mexico-en-las-ciudades-de-puebla-y-cuernavaca\/","url":"https:\/\/adrenalina.space\/index.php\/2023\/05\/17\/paul-dianno-es-el-primer-vocalista-de-iron-maiden-y-se-acaban-de-confirmar-dos-fechas-mas-para-mexico-en-las-ciudades-de-puebla-y-cuernavaca\/","name":"Paul Dianno, primer vocalista de Iron Maiden, acaba de confirmar dos fechas m\u00e1s para M\u00e9xico, en las ciudades de Puebla y Cuernavaca. : adrenalina","isPartOf":{"@id":"https:\/\/adrenalina.space\/#website"},"datePublished":"2023-05-17T02:19:37+00:00","dateModified":"2023-05-17T03:23:14+00:00","breadcrumb":{"@id":"https:\/\/adrenalina.space\/index.php\/2023\/05\/17\/paul-dianno-es-el-primer-vocalista-de-iron-maiden-y-se-acaban-de-confirmar-dos-fechas-mas-para-mexico-en-las-ciudades-de-puebla-y-cuernavaca\/#breadcrumb"},"inLanguage":"es","potentialAction":[{"@type":"ReadAction","target":["https:\/\/adrenalina.space\/index.php\/2023\/05\/17\/paul-dianno-es-el-primer-vocalista-de-iron-maiden-y-se-acaban-de-confirmar-dos-fechas-mas-para-mexico-en-las-ciudades-de-puebla-y-cuernavaca\/"]}]},{"@type":"BreadcrumbList","@id":"https:\/\/adrenalina.space\/index.php\/2023\/05\/17\/paul-dianno-es-el-primer-vocalista-de-iron-maiden-y-se-acaban-de-confirmar-dos-fechas-mas-para-mexico-en-las-ciudades-de-puebla-y-cuernavaca\/#breadcrumb","itemListElement":[{"@type":"ListItem","position":1,"name":"Portada","item":"https:\/\/adrenalina.space\/"},{"@type":"ListItem","position":2,"name":"Paul Dianno, primer vocalista de Iron Maiden, acaba de confirmar dos fechas m\u00e1s para M\u00e9xico, en las ciudades de Puebla y Cuernavaca."}]},{"@type":"WebSite","@id":"https:\/\/adrenalina.space\/#website","url":"https:\/\/adrenalina.space\/","name":"adrenalina","description":"Mentes ecl\u00e9cticas, gustos dispersos.","publisher":{"@id":"https:\/\/adrenalina.space\/#organization"},"potentialAction":[{"@type":"SearchAction","target":{"@type":"EntryPoint","urlTemplate":"https:\/\/adrenalina.space\/?s={search_term_string}"},"query-input":"required name=search_term_string"}],"inLanguage":"es"},{"@type":"Organization","@id":"https:\/\/adrenalina.space\/#organization","name":"Adrenalina Space","url":"https:\/\/adrenalina.space\/","logo":{"@type":"ImageObject","inLanguage":"es","@id":"https:\/\/adrenalina.space\/#\/schema\/logo\/image\/","url":"https:\/\/adrenalina.space\/wp-content\/uploads\/2021\/03\/Asset-1.png","contentUrl":"https:\/\/adrenalina.space\/wp-content\/uploads\/2021\/03\/Asset-1.png","width":403,"height":65,"caption":"Adrenalina Space"},"image":{"@id":"https:\/\/adrenalina.space\/#\/schema\/logo\/image\/"},"sameAs":["https:\/\/www.facebook.com\/Adrenalina-104069461705819"]},{"@type":"Person","@id":"https:\/\/adrenalina.space\/#\/schema\/person\/255c5bbd22b01fa9c2cad2e861b0695d","name":"Un toque de rock","image":{"@type":"ImageObject","inLanguage":"es","@id":"https:\/\/adrenalina.space\/#\/schema\/person\/image\/","url":"https:\/\/adrenalina.space\/wp-content\/uploads\/2021\/07\/61203977_10161929878565644_2049925308412329984_n-126x126.jpg","contentUrl":"https:\/\/adrenalina.space\/wp-content\/uploads\/2021\/07\/61203977_10161929878565644_2049925308412329984_n-126x126.jpg","caption":"Un toque de rock"},"url":"https:\/\/adrenalina.space\/index.php\/author\/un-toque-de-rock\/"}]}},"_links":{"self":[{"href":"https:\/\/adrenalina.space\/index.php\/wp-json\/wp\/v2\/posts\/5566"}],"collection":[{"href":"https:\/\/adrenalina.space\/index.php\/wp-json\/wp\/v2\/posts"}],"about":[{"href":"https:\/\/adrenalina.space\/index.php\/wp-json\/wp\/v2\/types\/post"}],"author":[{"embeddable":true,"href":"https:\/\/adrenalina.space\/index.php\/wp-json\/wp\/v2\/users\/4"}],"replies":[{"embeddable":true,"href":"https:\/\/adrenalina.space\/index.php\/wp-json\/wp\/v2\/comments?post=5566"}],"version-history":[{"count":9,"href":"https:\/\/adrenalina.space\/index.php\/wp-json\/wp\/v2\/posts\/5566\/revisions"}],"predecessor-version":[{"id":5585,"href":"https:\/\/adrenalina.space\/index.php\/wp-json\/wp\/v2\/posts\/5566\/revisions\/5585"}],"wp:featuredmedia":[{"embeddable":true,"href":"https:\/\/adrenalina.space\/index.php\/wp-json\/wp\/v2\/media\/5569"}],"wp:attachment":[{"href":"https:\/\/adrenalina.space\/index.php\/wp-json\/wp\/v2\/media?parent=5566"}],"wp:term":[{"taxonomy":"category","embeddable":true,"href":"https:\/\/adrenalina.space\/index.php\/wp-json\/wp\/v2\/categories?post=5566"},{"taxonomy":"post_tag","embeddable":true,"href":"https:\/\/adrenalina.space\/index.php\/wp-json\/wp\/v2\/tags?post=5566"}],"curies":[{"name":"wp","href":"https:\/\/api.w.org\/{rel}","templated":true}]}}